{"id":5764,"date":"2024-08-01T11:59:22","date_gmt":"2024-08-01T09:59:22","guid":{"rendered":"https:\/\/www.gites-du-pecheur.com\/?p=5764"},"modified":"2024-08-01T17:45:43","modified_gmt":"2024-08-01T15:45:43","slug":"les-marches-a-erquy-et-dans-les-cotes-d-armor","status":"publish","type":"post","link":"https:\/\/www.gites-du-pecheur.com\/fr\/les-marches-a-erquy-et-dans-les-cotes-d-armor\/","title":{"rendered":"Les March\u00e9s \u00e0 Erquy et dans les C\u00f4tes d&rsquo;Armor"},"content":{"rendered":"\t\t<div data-elementor-type=\"wp-post\" data-elementor-id=\"5764\" class=\"elementor elementor-5764\">\n\t\t\t\t\t\t\t\t\t<section class=\"elementor-section elementor-top-section elementor-element elementor-element-1ae3a395 elementor-section-full_width elementor-section-height-default elementor-section-height-default qodef-elementor-content-no\" data-id=\"1ae3a395\" data-element_type=\"section\">\n\t\t\t\t\t\t<div class=\"elementor-container elementor-column-gap-no\">\n\t\t\t\t\t<div class=\"elementor-column elementor-col-100 elementor-top-column elementor-element elementor-element-2becdd43\" data-id=\"2becdd43\" data-element_type=\"column\">\n\t\t\t<div class=\"elementor-widget-wrap elementor-element-populated\">\n\t\t\t\t\t\t\t\t<div class=\"elementor-element elementor-element-f896c60 elementor-widget elementor-widget-text-editor\" data-id=\"f896c60\" data-element_type=\"widget\" data-widget_type=\"text-editor.default\">\n\t\t\t\t<div class=\"elementor-widget-container\">\n\t\t\t\t\t\t\t<p><span class=\"qodef-h3\" style=\"color: #005a8c;\">Go\u00fbtez les produits locaux bretons sur les march\u00e9s locaux \u00e0 Erquy et dans les C\u00f4tes d&rsquo;Armor.<\/span><\/p>\t\t\t\t\t\t<\/div>\n\t\t\t\t<\/div>\n\t\t\t\t\t<\/div>\n\t\t<\/div>\n\t\t\t\t\t\t\t<\/div>\n\t\t<\/section>\n\t\t\t\t<section class=\"elementor-section elementor-top-section elementor-element elementor-element-139eefd9 elementor-section-full_width elementor-section-height-default elementor-section-height-default qodef-elementor-content-no\" data-id=\"139eefd9\" data-element_type=\"section\">\n\t\t\t\t\t\t<div class=\"elementor-container elementor-column-gap-no\">\n\t\t\t\t\t<div class=\"elementor-column elementor-col-100 elementor-top-column elementor-element elementor-element-6d40c2fd\" data-id=\"6d40c2fd\" data-element_type=\"column\">\n\t\t\t<div class=\"elementor-widget-wrap elementor-element-populated\">\n\t\t\t\t\t\t\t\t<div class=\"elementor-element elementor-element-70a18458 elementor-widget elementor-widget-alloggio_core_dropcaps\" data-id=\"70a18458\" data-element_type=\"widget\" data-widget_type=\"alloggio_core_dropcaps.default\">\n\t\t\t\t<div class=\"elementor-widget-container\">\n\t\t\t<div class=\"qodef-shortcode qodef-m  qodef-dropcaps qodef-type--simple\">\n\t<span class=\"qodef-m-letter\" >T<\/span>\n\t\t\t<p class=\"qodef-m-text\" >out au long de la semaine de nombreux march\u00e9s sont organis\u00e9s \u00e0 Erquy et dans les C\u00f4tes d&#039;Armor. Sp\u00e9cialit\u00e9s Bretonnes, produits locaux ou encore produits artisanaux, nos maraichers et artisans vous font d\u00e9couvrir leurs savoirs faire en vente direct.\n<\/p>\n\t<\/div>\t\t<\/div>\n\t\t\t\t<\/div>\n\t\t\t\t<div class=\"elementor-element elementor-element-11228a5 elementor-widget elementor-widget-spacer\" data-id=\"11228a5\" data-element_type=\"widget\" data-widget_type=\"spacer.default\">\n\t\t\t\t<div class=\"elementor-widget-container\">\n\t\t\t\t\t<div class=\"elementor-spacer\">\n\t\t\t<div class=\"elementor-spacer-inner\"><\/div>\n\t\t<\/div>\n\t\t\t\t<\/div>\n\t\t\t\t<\/div>\n\t\t\t\t<div class=\"elementor-element elementor-element-f356b59 elementor-widget elementor-widget-heading\" data-id=\"f356b59\" data-element_type=\"widget\" data-widget_type=\"heading.default\">\n\t\t\t\t<div class=\"elementor-widget-container\">\n\t\t\t<h2 class=\"elementor-heading-title elementor-size-default\">Les march\u00e9s d'Erquy<\/h2>\t\t<\/div>\n\t\t\t\t<\/div>\n\t\t\t\t<div class=\"elementor-element elementor-element-2043c53b elementor-widget elementor-widget-text-editor\" data-id=\"2043c53b\" data-element_type=\"widget\" data-widget_type=\"text-editor.default\">\n\t\t\t\t<div class=\"elementor-widget-container\">\n\t\t\t\t\t\t\t<p><span class=\"qodef-h3\" style=\"color: #005a8c;\">Erquy<\/span><\/p><p>Lundis 17h 20h &#8211; les Artisan&rsquo;Halles &#8211; March\u00e9 nocturne en juillet et ao\u00fbt, \u00e0 Erquy<br \/>Samedis : de 9h \u00e0 13h dans le centre-ville. Toute l\u2019ann\u00e9e.<\/p><p>77 commer\u00e7ants pr\u00e9sents, le march\u00e9 est s\u00e9par\u00e9 en 2 :<\/p><ul><li>l\u2019alimentaire le long du stade <\/li><li>le reste, rue du 19 mars et place du march\u00e9<\/li><\/ul><p>Nombre limit\u00e9 de personnes dans chaque partie, une entr\u00e9e et une sortie bien d\u00e9finies<\/p>\t\t\t\t\t\t<\/div>\n\t\t\t\t<\/div>\n\t\t\t\t<div class=\"elementor-element elementor-element-7bed2c3 elementor-widget elementor-widget-spacer\" data-id=\"7bed2c3\" data-element_type=\"widget\" data-widget_type=\"spacer.default\">\n\t\t\t\t<div class=\"elementor-widget-container\">\n\t\t\t\t\t<div class=\"elementor-spacer\">\n\t\t\t<div class=\"elementor-spacer-inner\"><\/div>\n\t\t<\/div>\n\t\t\t\t<\/div>\n\t\t\t\t<\/div>\n\t\t\t\t<div class=\"elementor-element elementor-element-ddeee0a elementor-widget elementor-widget-heading\" data-id=\"ddeee0a\" data-element_type=\"widget\" data-widget_type=\"heading.default\">\n\t\t\t\t<div class=\"elementor-widget-container\">\n\t\t\t<h2 class=\"elementor-heading-title elementor-size-default\">Les march\u00e9s \u00e0 proximit\u00e9 d'Erquy<\/h2>\t\t<\/div>\n\t\t\t\t<\/div>\n\t\t\t\t<div class=\"elementor-element elementor-element-b52b27e elementor-widget elementor-widget-text-editor\" data-id=\"b52b27e\" data-element_type=\"widget\" data-widget_type=\"text-editor.default\">\n\t\t\t\t<div class=\"elementor-widget-container\">\n\t\t\t\t\t\t\t<p><span class=\"qodef-h3\" style=\"color: #005a8c;\">Saint Alban<\/span><\/p><p>Mercredis : 17h \u00e0 20h, en juillet et ao\u00fbt, \u00e0 la Ferme du Pourpray \u00e0 Saint-Alban<\/p><p>Dimanche : Tous lesmatins pendant la p\u00e9riode estivale.<\/p><p>Les commer\u00e7ants se tenant sur le march\u00e9 et organisent des animations th\u00e9matiques \u00e0 plusieurs moments de l\u2019ann\u00e9e. La plus importante \u00e9tant le march\u00e9 de nuit, au mois de juin.<\/p>\t\t\t\t\t\t<\/div>\n\t\t\t\t<\/div>\n\t\t\t\t<div class=\"elementor-element elementor-element-02fcd6e elementor-widget elementor-widget-text-editor\" data-id=\"02fcd6e\" data-element_type=\"widget\" data-widget_type=\"text-editor.default\">\n\t\t\t\t<div class=\"elementor-widget-container\">\n\t\t\t\t\t\t\t<p><span class=\"qodef-h3\" style=\"color: #005a8c;\">Pl\u00e9neuf Val Andr\u00e9<\/span><\/p><p>Mardi : Le matin &#8211; Toute l&rsquo;ann\u00e9e, dans le bourg de Pl\u00e9neuf<\/p><p>Mercredi : Le soir &#8211; en juillet et ao\u00fbt de 17h \u00e0 20h, Jardin de Julien \u00e0 Pl\u00e9neuf-Val-Andr\u00e9<\/p><p>Vendredi : Le matin &#8211; Toute l&rsquo;ann\u00e9e place de l&rsquo;Amiraut\u00e9 au Val-Andr\u00e9<\/p>\t\t\t\t\t\t<\/div>\n\t\t\t\t<\/div>\n\t\t\t\t<div class=\"elementor-element elementor-element-8d840d2 elementor-widget elementor-widget-text-editor\" data-id=\"8d840d2\" data-element_type=\"widget\" data-widget_type=\"text-editor.default\">\n\t\t\t\t<div class=\"elementor-widget-container\">\n\t\t\t\t\t\t\t<p><span class=\"qodef-h3\" style=\"color: #005a8c;\">Sables d\u2019or les pins<\/span><\/p><p>Tous les dimanches matin en saison (juillet et ao\u00fbt) sur l\u2019esplanade en face du Casino de Fr\u00e9hel<\/p>\t\t\t\t\t\t<\/div>\n\t\t\t\t<\/div>\n\t\t\t\t<div class=\"elementor-element elementor-element-839a96b elementor-widget elementor-widget-text-editor\" data-id=\"839a96b\" data-element_type=\"widget\" data-widget_type=\"text-editor.default\">\n\t\t\t\t<div class=\"elementor-widget-container\">\n\t\t\t\t\t\t\t<p style=\"background-color: rgb(255, 255, 255);\"><span class=\"qodef-h3\" style=\"color: rgb(0, 90, 140); line-height: 1.14286em;\">Plurien<\/span><\/p><p style=\"background-color: rgb(255, 255, 255);\">Vendredi : Le matin &#8211; En juillet et ao\u00fbt, dans le bourg de Plurien.<\/p><p><span style=\"background-color: rgb(255, 255, 255); font-weight: var( --e-global-typography-text-font-weight );\">March\u00e9 estival ayant lieu dans le centre bourg de Plurien, alimentaire et artisanal. Produits locaux<\/span>.<\/p>\t\t\t\t\t\t<\/div>\n\t\t\t\t<\/div>\n\t\t\t\t<div class=\"elementor-element elementor-element-105fd5a elementor-widget elementor-widget-heading\" data-id=\"105fd5a\" data-element_type=\"widget\" data-widget_type=\"heading.default\">\n\t\t\t\t<div class=\"elementor-widget-container\">\n\t\t\t<h2 class=\"elementor-heading-title elementor-size-default\">Les autres march\u00e9s dans les C\u00f4tes d'Armor<\/h2>\t\t<\/div>\n\t\t\t\t<\/div>\n\t\t\t\t<div class=\"elementor-element elementor-element-4d8da8c elementor-widget elementor-widget-text-editor\" data-id=\"4d8da8c\" data-element_type=\"widget\" data-widget_type=\"text-editor.default\">\n\t\t\t\t<div class=\"elementor-widget-container\">\n\t\t\t\t\t\t\t<p><span class=\"qodef-h3\" style=\"color: #005a8c;\">Lamballe<\/span><\/p><p>Jeudi : Le matin &#8211; Toute l&rsquo;ann\u00e9e sur la place du Champ de Foire \u00e0 Lamballe<\/p><p>Un march\u00e9 tr\u00e8s important, haut en couleurs et en d\u00e9couvertes. L\u2019occasion de go\u00fbter \u00e0 la traditionnelle galette saucisse, aux cr\u00eapes parfum\u00e9es\u2026 et d\u2019aller \u00e0 la rencontre de producteurs locaux.<\/p>\t\t\t\t\t\t<\/div>\n\t\t\t\t<\/div>\n\t\t\t\t<div class=\"elementor-element elementor-element-6c03926 elementor-widget elementor-widget-text-editor\" data-id=\"6c03926\" data-element_type=\"widget\" data-widget_type=\"text-editor.default\">\n\t\t\t\t<div class=\"elementor-widget-container\">\n\t\t\t\t\t\t\t<p><span class=\"qodef-h3\" style=\"color: #005a8c;\">Saint-Cast Le Guildo<\/span><\/p><ul><li>Lundi : 8h 13h<\/li><li>Jeudi : 17h 23h<\/li><\/ul><p>Les inconditionnels, viennent y acheter des produits locaux : poissons, fruits de mer, l\u00e9gumes, galettes, produits laitiers, pain\u2026 En \u00e9t\u00e9 et d\u00e8s les beaux jours jusqu\u2019\u00e0 l\u2019automne, les touristes se m\u00ealent aux castins et guildoc\u00e9ens pour faire leurs provisions sur ces petits march\u00e9s sympathiques.<\/p>\t\t\t\t\t\t<\/div>\n\t\t\t\t<\/div>\n\t\t\t\t<div class=\"elementor-element elementor-element-b14ad28 elementor-widget elementor-widget-text-editor\" data-id=\"b14ad28\" data-element_type=\"widget\" data-widget_type=\"text-editor.default\">\n\t\t\t\t<div class=\"elementor-widget-container\">\n\t\t\t\t\t\t\t<p><span class=\"qodef-h3\" style=\"color: #005a8c;\">Matignon<\/span><\/p><p>Mercredi : De 8h \u00e0 13h.<\/p><p>Tous les mercredis de l\u2019ann\u00e9e, c\u2019est l\u2019effervescence \u00e0 Matignon. Les d\u00e9balleurs se pressent et des milliers de personnes se croisent. Mais c\u2019est l\u2019\u00e9t\u00e9 que le march\u00e9 prend une dimension hors du commun avec jamais moins de 200 marchands dans les diff\u00e9rentes rues de la bourgade du 15 juin \u00e0 d\u00e9but septembre et plus de 300 au c\u0153ur de l\u2019\u00e9t\u00e9.<\/p>\t\t\t\t\t\t<\/div>\n\t\t\t\t<\/div>\n\t\t\t\t<div class=\"elementor-element elementor-element-889774e elementor-widget elementor-widget-text-editor\" data-id=\"889774e\" data-element_type=\"widget\" data-widget_type=\"text-editor.default\">\n\t\t\t\t<div class=\"elementor-widget-container\">\n\t\t\t\t\t\t\t<p><span class=\"qodef-h3\" style=\"color: #005a8c;\">Moncontour<\/span><\/p><p>Mardi : Le soir &#8211; Toute l&rsquo;ann\u00e9e, place de Penthi\u00e8vre de 16h \u00e0 19h30 \u00e0 Moncontour.<\/p><p>Tous les Mardis en fin d\u2019apr\u00e8s-midi, les producteurs locaux et bio vous attendent sur le march\u00e9 de Moncontour (place de la Carri\u00e8re), pour vous proposer des produits \u00e0 la qualit\u00e9 et au go\u00fbt in\u00e9gal\u00e9.<\/p>\t\t\t\t\t\t<\/div>\n\t\t\t\t<\/div>\n\t\t\t\t<div class=\"elementor-element elementor-element-e4b0925 elementor-widget elementor-widget-text-editor\" data-id=\"e4b0925\" data-element_type=\"widget\" data-widget_type=\"text-editor.default\">\n\t\t\t\t<div class=\"elementor-widget-container\">\n\t\t\t\t\t\t\t<p><span class=\"qodef-h3\" style=\"color: #005a8c;\">Dinan<\/span><\/p><p>Jeudi : de 8h \u00e0 13h<\/p><p>Tous les jeudis matins de l&rsquo;ann\u00e9e, le march\u00e9 a lieu place Dugueslin et place du Champ de Clos.<\/p>\t\t\t\t\t\t<\/div>\n\t\t\t\t<\/div>\n\t\t\t\t\t<\/div>\n\t\t<\/div>\n\t\t\t\t\t\t\t<\/div>\n\t\t<\/section>\n\t\t\t\t<section class=\"elementor-section elementor-top-section elementor-element elementor-element-9bdbf4b elementor-section-boxed elementor-section-height-default elementor-section-height-default qodef-elementor-content-no\" data-id=\"9bdbf4b\" data-element_type=\"section\">\n\t\t\t\t\t\t<div class=\"elementor-container elementor-column-gap-default\">\n\t\t\t\t\t<div class=\"elementor-column elementor-col-100 elementor-top-column elementor-element elementor-element-2d7103f\" data-id=\"2d7103f\" data-element_type=\"column\">\n\t\t\t<div class=\"elementor-widget-wrap elementor-element-populated\">\n\t\t\t\t\t\t\t\t<div class=\"elementor-element elementor-element-580c3884 elementor-widget elementor-widget-alloggio_core_image_with_text\" data-id=\"580c3884\" data-element_type=\"widget\" data-widget_type=\"alloggio_core_image_with_text.default\">\n\t\t\t\t<div class=\"elementor-widget-container\">\n\t\t\t<div class=\"qodef-shortcode qodef-m  qodef-image-with-text qodef-layout--split-text-below  \">\n\t<div class=\"qodef-m-image\">\n\t\t\t\t\t\t\t\t\t<img loading=\"lazy\" decoding=\"async\" width=\"1300\" height=\"850\" src=\"https:\/\/www.gites-du-pecheur.com\/wp-content\/uploads\/2021\/06\/actu-les-marches-02.jpg\" class=\"qodef-e-main-image\" alt=\"\" srcset=\"https:\/\/www.gites-du-pecheur.com\/wp-content\/uploads\/2021\/06\/actu-les-marches-02.jpg 1300w, https:\/\/www.gites-du-pecheur.com\/wp-content\/uploads\/2021\/06\/actu-les-marches-02-300x196.jpg 300w, https:\/\/www.gites-du-pecheur.com\/wp-content\/uploads\/2021\/06\/actu-les-marches-02-1024x670.jpg 1024w, https:\/\/www.gites-du-pecheur.com\/wp-content\/uploads\/2021\/06\/actu-les-marches-02-768x502.jpg 768w\" sizes=\"auto, (max-width: 1300px) 100vw, 1300px\" \/>\t\t\t\t\t\t\t\t\t<\/div>\t<div class=\"qodef-m-content\">\n\t\t\t\t\t<\/div>\n<\/div>\t\t<\/div>\n\t\t\t\t<\/div>\n\t\t\t\t<div class=\"elementor-element elementor-element-4a6c0cd elementor-widget elementor-widget-text-editor\" data-id=\"4a6c0cd\" data-element_type=\"widget\" data-widget_type=\"text-editor.default\">\n\t\t\t\t<div class=\"elementor-widget-container\">\n\t\t\t\t\t\t\t<p>Retrouvez <strong><a href=\"https:\/\/www.cotesdarmor.com\/a-voir-a-faire\/gastronomie-bretonne\/jours-de-marches\/\">ici<\/a><\/strong> la liste compl\u00e8te des march\u00e9s dans les C\u00f4tes d&rsquo;Armor.<\/p>\t\t\t\t\t\t<\/div>\n\t\t\t\t<\/div>\n\t\t\t\t\t<\/div>\n\t\t<\/div>\n\t\t\t\t\t\t\t<\/div>\n\t\t<\/section>\n\t\t\t\t\t\t\t<\/div>\n\t\t","protected":false},"excerpt":{"rendered":"<p>Go\u00fbtez les produits locaux bretons sur les march\u00e9s locaux. Tout au long de la semaine de nombreux march\u00e9s sont organis\u00e9s aux alentours d\u2019Erquy.<\/p>\n","protected":false},"author":1,"featured_media":5765,"comment_status":"open","ping_status":"open","sticky":false,"template":"","format":"standard","meta":{"inline_featured_image":false,"footnotes":""},"categories":[1],"tags":[],"class_list":["post-5764","post","type-post","status-publish","format-standard","has-post-thumbnail","hentry","category-actualites"],"yoast_head":"<!-- This site is optimized with the Yoast SEO plugin v21.2 - https:\/\/yoast.com\/wordpress\/plugins\/seo\/ -->\n<title>Les March\u00e9s \u00e0 Erquy et dans les C\u00f4tes d&#039;Armor - Les g\u00eetes du p\u00eacheur<\/title>\n<meta name=\"description\" content=\"Nos mara\u00eechers et artisans vous font d\u00e9couvrir leurs savoirs faire sur les march\u00e9s \u00e0 Erquy et dans les C\u00f4tes d&#039;Armor.\" \/>\n<meta name=\"robots\" content=\"index, follow, max-snippet:-1, max-image-preview:large, max-video-preview:-1\" \/>\n<link rel=\"canonical\" href=\"https:\/\/www.gites-du-pecheur.com\/fr\/les-marches-a-erquy-et-dans-les-cotes-d-armor\/\" \/>\n<meta property=\"og:locale\" content=\"fr_FR\" \/>\n<meta property=\"og:type\" content=\"article\" \/>\n<meta property=\"og:title\" content=\"Les March\u00e9s \u00e0 Erquy et dans les C\u00f4tes d&#039;Armor - Les g\u00eetes du p\u00eacheur\" \/>\n<meta property=\"og:description\" content=\"Nos mara\u00eechers et artisans vous font d\u00e9couvrir leurs savoirs faire sur les march\u00e9s \u00e0 Erquy et dans les C\u00f4tes d&#039;Armor.\" \/>\n<meta property=\"og:url\" content=\"https:\/\/www.gites-du-pecheur.com\/fr\/les-marches-a-erquy-et-dans-les-cotes-d-armor\/\" \/>\n<meta property=\"og:site_name\" content=\"Les g\u00eetes du p\u00eacheur\" \/>\n<meta property=\"article:publisher\" content=\"https:\/\/fr-fr.facebook.com\/lesgitesdupecheur\" \/>\n<meta property=\"article:published_time\" content=\"2024-08-01T09:59:22+00:00\" \/>\n<meta property=\"article:modified_time\" content=\"2024-08-01T15:45:43+00:00\" \/>\n<meta property=\"og:image\" content=\"https:\/\/www.gites-du-pecheur.com\/wp-content\/uploads\/2021\/06\/actu-les-marches-01.jpg\" \/>\n\t<meta property=\"og:image:width\" content=\"1300\" \/>\n\t<meta property=\"og:image:height\" content=\"850\" \/>\n\t<meta property=\"og:image:type\" content=\"image\/jpeg\" \/>\n<meta name=\"author\" content=\"Cantina1245\" \/>\n<meta name=\"twitter:card\" content=\"summary_large_image\" \/>\n<script type=\"application\/ld+json\" class=\"yoast-schema-graph\">{\"@context\":\"https:\/\/schema.org\",\"@graph\":[{\"@type\":\"Article\",\"@id\":\"https:\/\/www.gites-du-pecheur.com\/fr\/les-marches-a-erquy-et-dans-les-cotes-d-armor\/#article\",\"isPartOf\":{\"@id\":\"https:\/\/www.gites-du-pecheur.com\/fr\/les-marches-a-erquy-et-dans-les-cotes-d-armor\/\"},\"author\":{\"name\":\"Cantina1245\",\"@id\":\"https:\/\/www.gites-du-pecheur.com\/fr\/#\/schema\/person\/43ce21ad228bbaf55074cd5748f5bcf3\"},\"headline\":\"Les March\u00e9s \u00e0 Erquy et dans les C\u00f4tes d&rsquo;Armor\",\"datePublished\":\"2024-08-01T09:59:22+00:00\",\"dateModified\":\"2024-08-01T15:45:43+00:00\",\"mainEntityOfPage\":{\"@id\":\"https:\/\/www.gites-du-pecheur.com\/fr\/les-marches-a-erquy-et-dans-les-cotes-d-armor\/\"},\"wordCount\":585,\"commentCount\":0,\"publisher\":{\"@id\":\"https:\/\/www.gites-du-pecheur.com\/fr\/#organization\"},\"articleSection\":[\"Actualit\u00e9s\"],\"inLanguage\":\"fr-FR\",\"potentialAction\":[{\"@type\":\"CommentAction\",\"name\":\"Comment\",\"target\":[\"https:\/\/www.gites-du-pecheur.com\/fr\/les-marches-a-erquy-et-dans-les-cotes-d-armor\/#respond\"]}]},{\"@type\":\"WebPage\",\"@id\":\"https:\/\/www.gites-du-pecheur.com\/fr\/les-marches-a-erquy-et-dans-les-cotes-d-armor\/\",\"url\":\"https:\/\/www.gites-du-pecheur.com\/fr\/les-marches-a-erquy-et-dans-les-cotes-d-armor\/\",\"name\":\"Les March\u00e9s \u00e0 Erquy et dans les C\u00f4tes d'Armor - Les g\u00eetes du p\u00eacheur\",\"isPartOf\":{\"@id\":\"https:\/\/www.gites-du-pecheur.com\/fr\/#website\"},\"datePublished\":\"2024-08-01T09:59:22+00:00\",\"dateModified\":\"2024-08-01T15:45:43+00:00\",\"description\":\"Nos mara\u00eechers et artisans vous font d\u00e9couvrir leurs savoirs faire sur les march\u00e9s \u00e0 Erquy et dans les C\u00f4tes d'Armor.\",\"breadcrumb\":{\"@id\":\"https:\/\/www.gites-du-pecheur.com\/fr\/les-marches-a-erquy-et-dans-les-cotes-d-armor\/#breadcrumb\"},\"inLanguage\":\"fr-FR\",\"potentialAction\":[{\"@type\":\"ReadAction\",\"target\":[\"https:\/\/www.gites-du-pecheur.com\/fr\/les-marches-a-erquy-et-dans-les-cotes-d-armor\/\"]}]},{\"@type\":\"BreadcrumbList\",\"@id\":\"https:\/\/www.gites-du-pecheur.com\/fr\/les-marches-a-erquy-et-dans-les-cotes-d-armor\/#breadcrumb\",\"itemListElement\":[{\"@type\":\"ListItem\",\"position\":1,\"name\":\"Accueil\",\"item\":\"https:\/\/www.gites-du-pecheur.com\/fr\/\"},{\"@type\":\"ListItem\",\"position\":2,\"name\":\"Les March\u00e9s \u00e0 Erquy et dans les C\u00f4tes d&rsquo;Armor\"}]},{\"@type\":\"WebSite\",\"@id\":\"https:\/\/www.gites-du-pecheur.com\/fr\/#website\",\"url\":\"https:\/\/www.gites-du-pecheur.com\/fr\/\",\"name\":\"Les g\u00eetes du p\u00eacheur\",\"description\":\"Locations vacances \u2013 Erquy \u2013 Cap Fr\u00e9hel\",\"publisher\":{\"@id\":\"https:\/\/www.gites-du-pecheur.com\/fr\/#organization\"},\"potentialAction\":[{\"@type\":\"SearchAction\",\"target\":{\"@type\":\"EntryPoint\",\"urlTemplate\":\"https:\/\/www.gites-du-pecheur.com\/fr\/?s={search_term_string}\"},\"query-input\":\"required name=search_term_string\"}],\"inLanguage\":\"fr-FR\"},{\"@type\":\"Organization\",\"@id\":\"https:\/\/www.gites-du-pecheur.com\/fr\/#organization\",\"name\":\"G\u00eetes du p\u00eacheur\",\"url\":\"https:\/\/www.gites-du-pecheur.com\/fr\/\",\"logo\":{\"@type\":\"ImageObject\",\"inLanguage\":\"fr-FR\",\"@id\":\"https:\/\/www.gites-du-pecheur.com\/fr\/#\/schema\/logo\/image\/\",\"url\":\"https:\/\/www.gites-du-pecheur.com\/wp-content\/uploads\/2021\/05\/logo-gites-du-pecheur.svg\",\"contentUrl\":\"https:\/\/www.gites-du-pecheur.com\/wp-content\/uploads\/2021\/05\/logo-gites-du-pecheur.svg\",\"width\":1,\"height\":1,\"caption\":\"G\u00eetes du p\u00eacheur\"},\"image\":{\"@id\":\"https:\/\/www.gites-du-pecheur.com\/fr\/#\/schema\/logo\/image\/\"},\"sameAs\":[\"https:\/\/fr-fr.facebook.com\/lesgitesdupecheur\",\"https:\/\/www.instagram.com\/lesgitesdupecheur\/\"]},{\"@type\":\"Person\",\"@id\":\"https:\/\/www.gites-du-pecheur.com\/fr\/#\/schema\/person\/43ce21ad228bbaf55074cd5748f5bcf3\",\"name\":\"Cantina1245\",\"image\":{\"@type\":\"ImageObject\",\"inLanguage\":\"fr-FR\",\"@id\":\"https:\/\/www.gites-du-pecheur.com\/fr\/#\/schema\/person\/image\/\",\"url\":\"https:\/\/secure.gravatar.com\/avatar\/e411585ea445c033f94bc9f0472119a206d9c9c52c1bdaf32bc0e49a227e0fa4?s=96&d=mm&r=g\",\"contentUrl\":\"https:\/\/secure.gravatar.com\/avatar\/e411585ea445c033f94bc9f0472119a206d9c9c52c1bdaf32bc0e49a227e0fa4?s=96&d=mm&r=g\",\"caption\":\"Cantina1245\"},\"sameAs\":[\"https:\/\/gitesdupecheur.acantic.net\"]}]}<\/script>\n<!-- \/ Yoast SEO plugin. -->","yoast_head_json":{"title":"Les March\u00e9s \u00e0 Erquy et dans les C\u00f4tes d'Armor - Les g\u00eetes du p\u00eacheur","description":"Nos mara\u00eechers et artisans vous font d\u00e9couvrir leurs savoirs faire sur les march\u00e9s \u00e0 Erquy et dans les C\u00f4tes d'Armor.","robots":{"index":"index","follow":"follow","max-snippet":"max-snippet:-1","max-image-preview":"max-image-preview:large","max-video-preview":"max-video-preview:-1"},"canonical":"https:\/\/www.gites-du-pecheur.com\/fr\/les-marches-a-erquy-et-dans-les-cotes-d-armor\/","og_locale":"fr_FR","og_type":"article","og_title":"Les March\u00e9s \u00e0 Erquy et dans les C\u00f4tes d'Armor - Les g\u00eetes du p\u00eacheur","og_description":"Nos mara\u00eechers et artisans vous font d\u00e9couvrir leurs savoirs faire sur les march\u00e9s \u00e0 Erquy et dans les C\u00f4tes d'Armor.","og_url":"https:\/\/www.gites-du-pecheur.com\/fr\/les-marches-a-erquy-et-dans-les-cotes-d-armor\/","og_site_name":"Les g\u00eetes du p\u00eacheur","article_publisher":"https:\/\/fr-fr.facebook.com\/lesgitesdupecheur","article_published_time":"2024-08-01T09:59:22+00:00","article_modified_time":"2024-08-01T15:45:43+00:00","og_image":[{"width":1300,"height":850,"url":"https:\/\/www.gites-du-pecheur.com\/wp-content\/uploads\/2021\/06\/actu-les-marches-01.jpg","type":"image\/jpeg"}],"author":"Cantina1245","twitter_card":"summary_large_image","schema":{"@context":"https:\/\/schema.org","@graph":[{"@type":"Article","@id":"https:\/\/www.gites-du-pecheur.com\/fr\/les-marches-a-erquy-et-dans-les-cotes-d-armor\/#article","isPartOf":{"@id":"https:\/\/www.gites-du-pecheur.com\/fr\/les-marches-a-erquy-et-dans-les-cotes-d-armor\/"},"author":{"name":"Cantina1245","@id":"https:\/\/www.gites-du-pecheur.com\/fr\/#\/schema\/person\/43ce21ad228bbaf55074cd5748f5bcf3"},"headline":"Les March\u00e9s \u00e0 Erquy et dans les C\u00f4tes d&rsquo;Armor","datePublished":"2024-08-01T09:59:22+00:00","dateModified":"2024-08-01T15:45:43+00:00","mainEntityOfPage":{"@id":"https:\/\/www.gites-du-pecheur.com\/fr\/les-marches-a-erquy-et-dans-les-cotes-d-armor\/"},"wordCount":585,"commentCount":0,"publisher":{"@id":"https:\/\/www.gites-du-pecheur.com\/fr\/#organization"},"articleSection":["Actualit\u00e9s"],"inLanguage":"fr-FR","potentialAction":[{"@type":"CommentAction","name":"Comment","target":["https:\/\/www.gites-du-pecheur.com\/fr\/les-marches-a-erquy-et-dans-les-cotes-d-armor\/#respond"]}]},{"@type":"WebPage","@id":"https:\/\/www.gites-du-pecheur.com\/fr\/les-marches-a-erquy-et-dans-les-cotes-d-armor\/","url":"https:\/\/www.gites-du-pecheur.com\/fr\/les-marches-a-erquy-et-dans-les-cotes-d-armor\/","name":"Les March\u00e9s \u00e0 Erquy et dans les C\u00f4tes d'Armor - Les g\u00eetes du p\u00eacheur","isPartOf":{"@id":"https:\/\/www.gites-du-pecheur.com\/fr\/#website"},"datePublished":"2024-08-01T09:59:22+00:00","dateModified":"2024-08-01T15:45:43+00:00","description":"Nos mara\u00eechers et artisans vous font d\u00e9couvrir leurs savoirs faire sur les march\u00e9s \u00e0 Erquy et dans les C\u00f4tes d'Armor.","breadcrumb":{"@id":"https:\/\/www.gites-du-pecheur.com\/fr\/les-marches-a-erquy-et-dans-les-cotes-d-armor\/#breadcrumb"},"inLanguage":"fr-FR","potentialAction":[{"@type":"ReadAction","target":["https:\/\/www.gites-du-pecheur.com\/fr\/les-marches-a-erquy-et-dans-les-cotes-d-armor\/"]}]},{"@type":"BreadcrumbList","@id":"https:\/\/www.gites-du-pecheur.com\/fr\/les-marches-a-erquy-et-dans-les-cotes-d-armor\/#breadcrumb","itemListElement":[{"@type":"ListItem","position":1,"name":"Accueil","item":"https:\/\/www.gites-du-pecheur.com\/fr\/"},{"@type":"ListItem","position":2,"name":"Les March\u00e9s \u00e0 Erquy et dans les C\u00f4tes d&rsquo;Armor"}]},{"@type":"WebSite","@id":"https:\/\/www.gites-du-pecheur.com\/fr\/#website","url":"https:\/\/www.gites-du-pecheur.com\/fr\/","name":"Les g\u00eetes du p\u00eacheur","description":"Locations vacances \u2013 Erquy \u2013 Cap Fr\u00e9hel","publisher":{"@id":"https:\/\/www.gites-du-pecheur.com\/fr\/#organization"},"potentialAction":[{"@type":"SearchAction","target":{"@type":"EntryPoint","urlTemplate":"https:\/\/www.gites-du-pecheur.com\/fr\/?s={search_term_string}"},"query-input":"required name=search_term_string"}],"inLanguage":"fr-FR"},{"@type":"Organization","@id":"https:\/\/www.gites-du-pecheur.com\/fr\/#organization","name":"G\u00eetes du p\u00eacheur","url":"https:\/\/www.gites-du-pecheur.com\/fr\/","logo":{"@type":"ImageObject","inLanguage":"fr-FR","@id":"https:\/\/www.gites-du-pecheur.com\/fr\/#\/schema\/logo\/image\/","url":"https:\/\/www.gites-du-pecheur.com\/wp-content\/uploads\/2021\/05\/logo-gites-du-pecheur.svg","contentUrl":"https:\/\/www.gites-du-pecheur.com\/wp-content\/uploads\/2021\/05\/logo-gites-du-pecheur.svg","width":1,"height":1,"caption":"G\u00eetes du p\u00eacheur"},"image":{"@id":"https:\/\/www.gites-du-pecheur.com\/fr\/#\/schema\/logo\/image\/"},"sameAs":["https:\/\/fr-fr.facebook.com\/lesgitesdupecheur","https:\/\/www.instagram.com\/lesgitesdupecheur\/"]},{"@type":"Person","@id":"https:\/\/www.gites-du-pecheur.com\/fr\/#\/schema\/person\/43ce21ad228bbaf55074cd5748f5bcf3","name":"Cantina1245","image":{"@type":"ImageObject","inLanguage":"fr-FR","@id":"https:\/\/www.gites-du-pecheur.com\/fr\/#\/schema\/person\/image\/","url":"https:\/\/secure.gravatar.com\/avatar\/e411585ea445c033f94bc9f0472119a206d9c9c52c1bdaf32bc0e49a227e0fa4?s=96&d=mm&r=g","contentUrl":"https:\/\/secure.gravatar.com\/avatar\/e411585ea445c033f94bc9f0472119a206d9c9c52c1bdaf32bc0e49a227e0fa4?s=96&d=mm&r=g","caption":"Cantina1245"},"sameAs":["https:\/\/gitesdupecheur.acantic.net"]}]}},"_links":{"self":[{"href":"https:\/\/www.gites-du-pecheur.com\/fr\/wp-json\/wp\/v2\/posts\/5764","targetHints":{"allow":["GET"]}}],"collection":[{"href":"https:\/\/www.gites-du-pecheur.com\/fr\/wp-json\/wp\/v2\/posts"}],"about":[{"href":"https:\/\/www.gites-du-pecheur.com\/fr\/wp-json\/wp\/v2\/types\/post"}],"author":[{"embeddable":true,"href":"https:\/\/www.gites-du-pecheur.com\/fr\/wp-json\/wp\/v2\/users\/1"}],"replies":[{"embeddable":true,"href":"https:\/\/www.gites-du-pecheur.com\/fr\/wp-json\/wp\/v2\/comments?post=5764"}],"version-history":[{"count":62,"href":"https:\/\/www.gites-du-pecheur.com\/fr\/wp-json\/wp\/v2\/posts\/5764\/revisions"}],"predecessor-version":[{"id":8334,"href":"https:\/\/www.gites-du-pecheur.com\/fr\/wp-json\/wp\/v2\/posts\/5764\/revisions\/8334"}],"wp:featuredmedia":[{"embeddable":true,"href":"https:\/\/www.gites-du-pecheur.com\/fr\/wp-json\/wp\/v2\/media\/5765"}],"wp:attachment":[{"href":"https:\/\/www.gites-du-pecheur.com\/fr\/wp-json\/wp\/v2\/media?parent=5764"}],"wp:term":[{"taxonomy":"category","embeddable":true,"href":"https:\/\/www.gites-du-pecheur.com\/fr\/wp-json\/wp\/v2\/categories?post=5764"},{"taxonomy":"post_tag","embeddable":true,"href":"https:\/\/www.gites-du-pecheur.com\/fr\/wp-json\/wp\/v2\/tags?post=5764"}],"curies":[{"name":"wp","href":"https:\/\/api.w.org\/{rel}","templated":true}]}}