{"id":5734,"date":"2022-06-15T14:52:28","date_gmt":"2022-06-15T12:52:28","guid":{"rendered":"https:\/\/www.gites-du-pecheur.com\/?p=5734"},"modified":"2022-06-22T18:07:15","modified_gmt":"2022-06-22T16:07:15","slug":"la-randonnee-a-erquy-cest-le-pied","status":"publish","type":"post","link":"https:\/\/www.gites-du-pecheur.com\/fr\/la-randonnee-a-erquy-cest-le-pied\/","title":{"rendered":"La randonn\u00e9e \u00e0 Erquy, c\u2019est le pied !"},"content":{"rendered":"\t\t<div data-elementor-type=\"wp-post\" data-elementor-id=\"5734\" class=\"elementor elementor-5734\">\n\t\t\t\t\t\t\t\t\t<section class=\"elementor-section elementor-top-section elementor-element elementor-element-1ae3a395 elementor-section-full_width elementor-section-height-default elementor-section-height-default qodef-elementor-content-no\" data-id=\"1ae3a395\" data-element_type=\"section\">\n\t\t\t\t\t\t<div class=\"elementor-container elementor-column-gap-no\">\n\t\t\t\t\t<div class=\"elementor-column elementor-col-100 elementor-top-column elementor-element elementor-element-2becdd43\" data-id=\"2becdd43\" data-element_type=\"column\">\n\t\t\t<div class=\"elementor-widget-wrap elementor-element-populated\">\n\t\t\t\t\t\t\t\t<div class=\"elementor-element elementor-element-f896c60 elementor-widget elementor-widget-text-editor\" data-id=\"f896c60\" data-element_type=\"widget\" data-widget_type=\"text-editor.default\">\n\t\t\t\t<div class=\"elementor-widget-container\">\n\t\t\t\t\t\t\t<p><span class=\"qodef-h3\" style=\"color: #005a8c;\">GR34, kezako ?<\/span><\/p>\t\t\t\t\t\t<\/div>\n\t\t\t\t<\/div>\n\t\t\t\t<div class=\"elementor-element elementor-element-70a18458 elementor-widget elementor-widget-alloggio_core_dropcaps\" data-id=\"70a18458\" data-element_type=\"widget\" data-widget_type=\"alloggio_core_dropcaps.default\">\n\t\t\t\t<div class=\"elementor-widget-container\">\n\t\t\t<div class=\"qodef-shortcode qodef-m  qodef-dropcaps qodef-type--simple\">\n\t<span class=\"qodef-m-letter\" >L<\/span>\n\t\t\t<p class=\"qodef-m-text\" >a randonn\u00e9e \u00e0 Erquy c&#039;est le pied. Le GR34 passe par Erquy. Ce sentier de grande randonn\u00e9e de 1700km borde le littoral breton.\n\n<\/p>\n\t<\/div>\t\t<\/div>\n\t\t\t\t<\/div>\n\t\t\t\t<div class=\"elementor-element elementor-element-d4527a6 elementor-widget elementor-widget-text-editor\" data-id=\"d4527a6\" data-element_type=\"widget\" data-widget_type=\"text-editor.default\">\n\t\t\t\t<div class=\"elementor-widget-container\">\n\t\t\t\t\t\t\t<p>Il part du Mont-Saint-Michel pour finir \u00e0 Saint-Nazaire.<\/p><p>Il emprunte en majorit\u00e9 les anciens sentiers des douaniers qui permettaient \u00e0 l\u2019\u00e9poque de patrouiller le long des c\u00f4tes tout en b\u00e9n\u00e9ficiant de points d\u2019observation cl\u00e9s de la c\u00f4te bretonne.<\/p>\t\t\t\t\t\t<\/div>\n\t\t\t\t<\/div>\n\t\t\t\t\t<\/div>\n\t\t<\/div>\n\t\t\t\t\t\t\t<\/div>\n\t\t<\/section>\n\t\t\t\t<section class=\"elementor-section elementor-top-section elementor-element elementor-element-3fe8ecfb elementor-section-full_width elementor-section-height-default elementor-section-height-default qodef-elementor-content-no\" data-id=\"3fe8ecfb\" data-element_type=\"section\">\n\t\t\t\t\t\t<div class=\"elementor-container elementor-column-gap-no\">\n\t\t\t\t\t<div class=\"elementor-column elementor-col-100 elementor-top-column elementor-element elementor-element-a74294f\" data-id=\"a74294f\" data-element_type=\"column\">\n\t\t\t<div class=\"elementor-widget-wrap elementor-element-populated\">\n\t\t\t\t\t\t\t\t<div class=\"elementor-element elementor-element-7657ddf6 elementor-widget elementor-widget-alloggio_core_blockquote\" data-id=\"7657ddf6\" data-element_type=\"widget\" data-widget_type=\"alloggio_core_blockquote.default\">\n\t\t\t\t<div class=\"elementor-widget-container\">\n\t\t\t<div class=\"qodef-shortcode qodef-m  qodef-blockquote qodef-alignment--left \">\n\t\t<h4 class=\"qodef-m-title\" >\n\t\t\t\t\tLe GR34, a \u00e9t\u00e9 \u00e9lu en 2018 GR pr\u00e9f\u00e9r\u00e9 des Fran\u00e7ais !\t\t\t<\/h4>\n\t<\/div>\t\t<\/div>\n\t\t\t\t<\/div>\n\t\t\t\t\t<\/div>\n\t\t<\/div>\n\t\t\t\t\t\t\t<\/div>\n\t\t<\/section>\n\t\t\t\t<section class=\"elementor-section elementor-top-section elementor-element elementor-element-139eefd9 elementor-section-full_width elementor-section-height-default elementor-section-height-default qodef-elementor-content-no\" data-id=\"139eefd9\" data-element_type=\"section\">\n\t\t\t\t\t\t<div class=\"elementor-container elementor-column-gap-no\">\n\t\t\t\t\t<div class=\"elementor-column elementor-col-100 elementor-top-column elementor-element elementor-element-6d40c2fd\" data-id=\"6d40c2fd\" data-element_type=\"column\">\n\t\t\t<div class=\"elementor-widget-wrap elementor-element-populated\">\n\t\t\t\t\t\t\t\t<div class=\"elementor-element elementor-element-2043c53b elementor-widget elementor-widget-text-editor\" data-id=\"2043c53b\" data-element_type=\"widget\" data-widget_type=\"text-editor.default\">\n\t\t\t\t<div class=\"elementor-widget-container\">\n\t\t\t\t\t\t\t<p>Aux G\u00eetes du P\u00eacheur, le GR34 est situ\u00e9 \u00e0 200m \u00e0 pied en plein c\u0153ur du <a href=\"https:\/\/grandsite-capserquyfrehel.com\/\" target=\"_blank\" rel=\"noopener\">Grand Site de France Cap d\u2019Erquy-Cap Fr\u00e9hel<\/a>. Au bout de ces 200m, vous profitez d\u2019une vue incroyable surplombant la station de Sables-d\u2019Or-les-Pins et sa lagune.<\/p>\t\t\t\t\t\t<\/div>\n\t\t\t\t<\/div>\n\t\t\t\t\t<\/div>\n\t\t<\/div>\n\t\t\t\t\t\t\t<\/div>\n\t\t<\/section>\n\t\t\t\t<section class=\"elementor-section elementor-top-section elementor-element elementor-element-9bdbf4b elementor-section-boxed elementor-section-height-default elementor-section-height-default qodef-elementor-content-no\" data-id=\"9bdbf4b\" data-element_type=\"section\">\n\t\t\t\t\t\t<div class=\"elementor-container elementor-column-gap-default\">\n\t\t\t\t\t<div class=\"elementor-column elementor-col-50 elementor-top-column elementor-element elementor-element-2d7103f\" data-id=\"2d7103f\" data-element_type=\"column\">\n\t\t\t<div class=\"elementor-widget-wrap elementor-element-populated\">\n\t\t\t\t\t\t\t\t<div class=\"elementor-element elementor-element-580c3884 elementor-widget elementor-widget-alloggio_core_image_with_text\" data-id=\"580c3884\" data-element_type=\"widget\" data-widget_type=\"alloggio_core_image_with_text.default\">\n\t\t\t\t<div class=\"elementor-widget-container\">\n\t\t\t<div class=\"qodef-shortcode qodef-m  qodef-image-with-text qodef-layout--split-text-below  \">\n\t<div class=\"qodef-m-image\">\n\t\t\t\t\t\t\t\t\t<img loading=\"lazy\" decoding=\"async\" width=\"1300\" height=\"850\" src=\"https:\/\/www.gites-du-pecheur.com\/wp-content\/uploads\/2021\/06\/actu-gr34-03.jpg\" class=\"qodef-e-main-image\" alt=\"\" srcset=\"https:\/\/www.gites-du-pecheur.com\/wp-content\/uploads\/2021\/06\/actu-gr34-03.jpg 1300w, https:\/\/www.gites-du-pecheur.com\/wp-content\/uploads\/2021\/06\/actu-gr34-03-300x196.jpg 300w, https:\/\/www.gites-du-pecheur.com\/wp-content\/uploads\/2021\/06\/actu-gr34-03-1024x670.jpg 1024w, https:\/\/www.gites-du-pecheur.com\/wp-content\/uploads\/2021\/06\/actu-gr34-03-768x502.jpg 768w\" sizes=\"auto, (max-width: 1300px) 100vw, 1300px\" \/>\t\t\t\t\t\t\t\t\t<\/div>\t<div class=\"qodef-m-content\">\n\t\t\t\t\t<\/div>\n<\/div>\t\t<\/div>\n\t\t\t\t<\/div>\n\t\t\t\t\t<\/div>\n\t\t<\/div>\n\t\t\t\t<div class=\"elementor-column elementor-col-50 elementor-top-column elementor-element elementor-element-5bff7304\" data-id=\"5bff7304\" data-element_type=\"column\">\n\t\t\t<div class=\"elementor-widget-wrap elementor-element-populated\">\n\t\t\t\t\t\t\t\t<div class=\"elementor-element elementor-element-5b8e7ad8 elementor-widget elementor-widget-alloggio_core_image_with_text\" data-id=\"5b8e7ad8\" data-element_type=\"widget\" data-widget_type=\"alloggio_core_image_with_text.default\">\n\t\t\t\t<div class=\"elementor-widget-container\">\n\t\t\t<div class=\"qodef-shortcode qodef-m  qodef-image-with-text qodef-layout--split-text-below  \">\n\t<div class=\"qodef-m-image\">\n\t\t\t\t\t\t\t\t\t<img loading=\"lazy\" decoding=\"async\" width=\"1300\" height=\"850\" src=\"https:\/\/www.gites-du-pecheur.com\/wp-content\/uploads\/2021\/06\/actu-gr34-02.jpg\" class=\"qodef-e-main-image\" alt=\"\" srcset=\"https:\/\/www.gites-du-pecheur.com\/wp-content\/uploads\/2021\/06\/actu-gr34-02.jpg 1300w, https:\/\/www.gites-du-pecheur.com\/wp-content\/uploads\/2021\/06\/actu-gr34-02-300x196.jpg 300w, https:\/\/www.gites-du-pecheur.com\/wp-content\/uploads\/2021\/06\/actu-gr34-02-1024x670.jpg 1024w, https:\/\/www.gites-du-pecheur.com\/wp-content\/uploads\/2021\/06\/actu-gr34-02-768x502.jpg 768w\" sizes=\"auto, (max-width: 1300px) 100vw, 1300px\" \/>\t\t\t\t\t\t\t\t\t<\/div>\t<div class=\"qodef-m-content\">\n\t\t\t\t\t<\/div>\n<\/div>\t\t<\/div>\n\t\t\t\t<\/div>\n\t\t\t\t\t<\/div>\n\t\t<\/div>\n\t\t\t\t\t\t\t<\/div>\n\t\t<\/section>\n\t\t\t\t<section class=\"elementor-section elementor-top-section elementor-element elementor-element-425a38d1 elementor-section-full_width elementor-section-height-default elementor-section-height-default qodef-elementor-content-no\" data-id=\"425a38d1\" data-element_type=\"section\">\n\t\t\t\t\t\t<div class=\"elementor-container elementor-column-gap-no\">\n\t\t\t\t\t<div class=\"elementor-column elementor-col-100 elementor-top-column elementor-element elementor-element-3cf10141\" data-id=\"3cf10141\" data-element_type=\"column\">\n\t\t\t<div class=\"elementor-widget-wrap elementor-element-populated\">\n\t\t\t\t\t\t\t\t<div class=\"elementor-element elementor-element-13f6f15d elementor-widget elementor-widget-text-editor\" data-id=\"13f6f15d\" data-element_type=\"widget\" data-widget_type=\"text-editor.default\">\n\t\t\t\t<div class=\"elementor-widget-container\">\n\t\t\t\t\t\t\t<p>Le GR34 est un v\u00e9ritable terrain de jeu pour les amoureux de la nature. Ici, les bruy\u00e8res et ajoncs nous offrent de belles couleurs violet et jaune qui contrastent avec le bleu \u00e9meraude de la mer. Avec la labellisation Grand Site de France, cette partie du littoral reste pr\u00e9serv\u00e9e entre deux sites phares ; le cap d\u2019Erquy et le Cap Fr\u00e9hel.<\/p>\t\t\t\t\t\t<\/div>\n\t\t\t\t<\/div>\n\t\t\t\t\t<\/div>\n\t\t<\/div>\n\t\t\t\t\t\t\t<\/div>\n\t\t<\/section>\n\t\t\t\t<section class=\"elementor-section elementor-top-section elementor-element elementor-element-5f5fc909 elementor-section-full_width elementor-section-height-default elementor-section-height-default qodef-elementor-content-no\" data-id=\"5f5fc909\" data-element_type=\"section\">\n\t\t\t\t\t\t<div class=\"elementor-container elementor-column-gap-no\">\n\t\t\t\t\t<div class=\"elementor-column elementor-col-100 elementor-top-column elementor-element elementor-element-66895467\" data-id=\"66895467\" data-element_type=\"column\">\n\t\t\t<div class=\"elementor-widget-wrap elementor-element-populated\">\n\t\t\t\t\t\t\t\t<div class=\"elementor-element elementor-element-25ccf1d6 elementor-widget elementor-widget-text-editor\" data-id=\"25ccf1d6\" data-element_type=\"widget\" data-widget_type=\"text-editor.default\">\n\t\t\t\t<div class=\"elementor-widget-container\">\n\t\t\t\t\t\t\t<p>D\u2019un c\u00f4t\u00e9, vous trouverez le Cap d\u2019Erquy qui domine Erquy et son port. A Erquy, les plages y sont sauvages avec des falaises de gr\u00e8s rose et la lande sauvage. C\u2019est paradis de la faune et de la flore\u00a0!<\/p><p>Un peu plus loin, le Cap Fr\u00e9hel offre quant \u00e0 lui une des plus belles vues de Bretagne avec des falaises qui culminent jusqu\u2019\u00e0 70m de hauteur. C\u2019est aussi une r\u00e9serve ornithologique: un v\u00e9ritable spot pour observer le balai des oiseaux.<\/p><p>Cerise sur le g\u00e2teau, en suivant le Gr34 entre les deux Caps, vous d\u00e9couvrirez une succession de criques et de plages parmi les plus belles de la c\u00f4te Nord bretonne.<\/p>\t\t\t\t\t\t<\/div>\n\t\t\t\t<\/div>\n\t\t\t\t\t<\/div>\n\t\t<\/div>\n\t\t\t\t\t\t\t<\/div>\n\t\t<\/section>\n\t\t\t\t<section class=\"elementor-section elementor-top-section elementor-element elementor-element-c28f263 elementor-section-boxed elementor-section-height-default elementor-section-height-default qodef-elementor-content-no\" data-id=\"c28f263\" data-element_type=\"section\">\n\t\t\t\t\t\t<div class=\"elementor-container elementor-column-gap-default\">\n\t\t\t\t\t<div class=\"elementor-column elementor-col-100 elementor-top-column elementor-element elementor-element-7169204\" data-id=\"7169204\" data-element_type=\"column\">\n\t\t\t<div class=\"elementor-widget-wrap elementor-element-populated\">\n\t\t\t\t\t\t\t\t<div class=\"elementor-element elementor-element-ab906e3 elementor-widget elementor-widget-alloggio_core_image_with_text\" data-id=\"ab906e3\" data-element_type=\"widget\" data-widget_type=\"alloggio_core_image_with_text.default\">\n\t\t\t\t<div class=\"elementor-widget-container\">\n\t\t\t<div class=\"qodef-shortcode qodef-m  qodef-image-with-text qodef-layout--split-text-below  \">\n\t<div class=\"qodef-m-image\">\n\t\t\t\t\t\t\t\t\t<img loading=\"lazy\" decoding=\"async\" width=\"1300\" height=\"850\" src=\"https:\/\/www.gites-du-pecheur.com\/wp-content\/uploads\/2021\/06\/actu-gr34-01.jpg\" class=\"qodef-e-main-image\" alt=\"\" srcset=\"https:\/\/www.gites-du-pecheur.com\/wp-content\/uploads\/2021\/06\/actu-gr34-01.jpg 1300w, https:\/\/www.gites-du-pecheur.com\/wp-content\/uploads\/2021\/06\/actu-gr34-01-300x196.jpg 300w, https:\/\/www.gites-du-pecheur.com\/wp-content\/uploads\/2021\/06\/actu-gr34-01-1024x670.jpg 1024w, https:\/\/www.gites-du-pecheur.com\/wp-content\/uploads\/2021\/06\/actu-gr34-01-768x502.jpg 768w\" sizes=\"auto, (max-width: 1300px) 100vw, 1300px\" \/>\t\t\t\t\t\t\t\t\t<\/div>\t<div class=\"qodef-m-content\">\n\t\t\t\t\t<\/div>\n<\/div>\t\t<\/div>\n\t\t\t\t<\/div>\n\t\t\t\t\t<\/div>\n\t\t<\/div>\n\t\t\t\t\t\t\t<\/div>\n\t\t<\/section>\n\t\t\t\t<section class=\"elementor-section elementor-top-section elementor-element elementor-element-702c123 elementor-section-boxed elementor-section-height-default elementor-section-height-default qodef-elementor-content-no\" data-id=\"702c123\" data-element_type=\"section\">\n\t\t\t\t\t\t<div class=\"elementor-container elementor-column-gap-default\">\n\t\t\t\t\t<div class=\"elementor-column elementor-col-100 elementor-top-column elementor-element elementor-element-757df70\" data-id=\"757df70\" data-element_type=\"column\">\n\t\t\t<div class=\"elementor-widget-wrap elementor-element-populated\">\n\t\t\t\t\t\t\t\t<div class=\"elementor-element elementor-element-2399ec4 elementor-widget elementor-widget-text-editor\" data-id=\"2399ec4\" data-element_type=\"widget\" data-widget_type=\"text-editor.default\">\n\t\t\t\t<div class=\"elementor-widget-container\">\n\t\t\t\t\t\t\t<p>La randonn\u00e9e est une des activit\u00e9s principales \u00e0 Erquy mais vous pourrez vous essayer \u00e0 d&rsquo;autres sports comme le char \u00e0 voile, le v\u00e9lo et les activit\u00e9s nautiques&#8230; D\u00e9couvrez <strong><a href=\"https:\/\/www.gites-du-pecheur.com\/fr\/les-activites\/\">ici<\/a><\/strong> toutes les activit\u00e9s \u00e0 faire.<\/p>\t\t\t\t\t\t<\/div>\n\t\t\t\t<\/div>\n\t\t\t\t\t<\/div>\n\t\t<\/div>\n\t\t\t\t\t\t\t<\/div>\n\t\t<\/section>\n\t\t\t\t\t\t\t<\/div>\n\t\t","protected":false},"excerpt":{"rendered":"<p>La Bretagne offre de superbes balades en empruntant \u00e0 pied le GR34.<\/p>\n","protected":false},"author":1,"featured_media":5741,"comment_status":"open","ping_status":"open","sticky":false,"template":"","format":"standard","meta":{"inline_featured_image":false,"footnotes":""},"categories":[1],"tags":[],"class_list":["post-5734","post","type-post","status-publish","format-standard","has-post-thumbnail","hentry","category-actualites"],"yoast_head":"<!-- This site is optimized with the Yoast SEO plugin v21.2 - https:\/\/yoast.com\/wordpress\/plugins\/seo\/ -->\n<title>La randonn\u00e9e \u00e0 Erquy, c\u2019est le pied ! - Les g\u00eetes du p\u00eacheur<\/title>\n<meta name=\"description\" content=\"La randonn\u00e9e \u00e0 Erquy c&#039;est le pied. Le GR34 passe par Erquy. Ce sentier de grande randonn\u00e9e de 1700km borde le littoral breton.\" \/>\n<meta name=\"robots\" content=\"index, follow, max-snippet:-1, max-image-preview:large, max-video-preview:-1\" \/>\n<link rel=\"canonical\" href=\"https:\/\/www.gites-du-pecheur.com\/fr\/la-randonnee-a-erquy-cest-le-pied\/\" \/>\n<meta property=\"og:locale\" content=\"fr_FR\" \/>\n<meta property=\"og:type\" content=\"article\" \/>\n<meta property=\"og:title\" content=\"La randonn\u00e9e \u00e0 Erquy, c\u2019est le pied ! - Les g\u00eetes du p\u00eacheur\" \/>\n<meta property=\"og:description\" content=\"La randonn\u00e9e \u00e0 Erquy c&#039;est le pied. Le GR34 passe par Erquy. Ce sentier de grande randonn\u00e9e de 1700km borde le littoral breton.\" \/>\n<meta property=\"og:url\" content=\"https:\/\/www.gites-du-pecheur.com\/fr\/la-randonnee-a-erquy-cest-le-pied\/\" \/>\n<meta property=\"og:site_name\" content=\"Les g\u00eetes du p\u00eacheur\" \/>\n<meta property=\"article:publisher\" content=\"https:\/\/fr-fr.facebook.com\/lesgitesdupecheur\" \/>\n<meta property=\"article:published_time\" content=\"2022-06-15T12:52:28+00:00\" \/>\n<meta property=\"article:modified_time\" content=\"2022-06-22T16:07:15+00:00\" \/>\n<meta property=\"og:image\" content=\"https:\/\/www.gites-du-pecheur.com\/wp-content\/uploads\/2021\/06\/actu-gr34-04.jpg\" \/>\n\t<meta property=\"og:image:width\" content=\"1300\" \/>\n\t<meta property=\"og:image:height\" content=\"850\" \/>\n\t<meta property=\"og:image:type\" content=\"image\/jpeg\" \/>\n<meta name=\"author\" content=\"Cantina1245\" \/>\n<meta name=\"twitter:card\" content=\"summary_large_image\" \/>\n<script type=\"application\/ld+json\" class=\"yoast-schema-graph\">{\"@context\":\"https:\/\/schema.org\",\"@graph\":[{\"@type\":\"Article\",\"@id\":\"https:\/\/www.gites-du-pecheur.com\/fr\/la-randonnee-a-erquy-cest-le-pied\/#article\",\"isPartOf\":{\"@id\":\"https:\/\/www.gites-du-pecheur.com\/fr\/la-randonnee-a-erquy-cest-le-pied\/\"},\"author\":{\"name\":\"Cantina1245\",\"@id\":\"https:\/\/www.gites-du-pecheur.com\/fr\/#\/schema\/person\/43ce21ad228bbaf55074cd5748f5bcf3\"},\"headline\":\"La randonn\u00e9e \u00e0 Erquy, c\u2019est le pied !\",\"datePublished\":\"2022-06-15T12:52:28+00:00\",\"dateModified\":\"2022-06-22T16:07:15+00:00\",\"mainEntityOfPage\":{\"@id\":\"https:\/\/www.gites-du-pecheur.com\/fr\/la-randonnee-a-erquy-cest-le-pied\/\"},\"wordCount\":361,\"commentCount\":0,\"publisher\":{\"@id\":\"https:\/\/www.gites-du-pecheur.com\/fr\/#organization\"},\"articleSection\":[\"Actualit\u00e9s\"],\"inLanguage\":\"fr-FR\",\"potentialAction\":[{\"@type\":\"CommentAction\",\"name\":\"Comment\",\"target\":[\"https:\/\/www.gites-du-pecheur.com\/fr\/la-randonnee-a-erquy-cest-le-pied\/#respond\"]}]},{\"@type\":\"WebPage\",\"@id\":\"https:\/\/www.gites-du-pecheur.com\/fr\/la-randonnee-a-erquy-cest-le-pied\/\",\"url\":\"https:\/\/www.gites-du-pecheur.com\/fr\/la-randonnee-a-erquy-cest-le-pied\/\",\"name\":\"La randonn\u00e9e \u00e0 Erquy, c\u2019est le pied ! - Les g\u00eetes du p\u00eacheur\",\"isPartOf\":{\"@id\":\"https:\/\/www.gites-du-pecheur.com\/fr\/#website\"},\"datePublished\":\"2022-06-15T12:52:28+00:00\",\"dateModified\":\"2022-06-22T16:07:15+00:00\",\"description\":\"La randonn\u00e9e \u00e0 Erquy c'est le pied. Le GR34 passe par Erquy. Ce sentier de grande randonn\u00e9e de 1700km borde le littoral breton.\",\"breadcrumb\":{\"@id\":\"https:\/\/www.gites-du-pecheur.com\/fr\/la-randonnee-a-erquy-cest-le-pied\/#breadcrumb\"},\"inLanguage\":\"fr-FR\",\"potentialAction\":[{\"@type\":\"ReadAction\",\"target\":[\"https:\/\/www.gites-du-pecheur.com\/fr\/la-randonnee-a-erquy-cest-le-pied\/\"]}]},{\"@type\":\"BreadcrumbList\",\"@id\":\"https:\/\/www.gites-du-pecheur.com\/fr\/la-randonnee-a-erquy-cest-le-pied\/#breadcrumb\",\"itemListElement\":[{\"@type\":\"ListItem\",\"position\":1,\"name\":\"Accueil\",\"item\":\"https:\/\/www.gites-du-pecheur.com\/fr\/\"},{\"@type\":\"ListItem\",\"position\":2,\"name\":\"La randonn\u00e9e \u00e0 Erquy, c\u2019est le pied !\"}]},{\"@type\":\"WebSite\",\"@id\":\"https:\/\/www.gites-du-pecheur.com\/fr\/#website\",\"url\":\"https:\/\/www.gites-du-pecheur.com\/fr\/\",\"name\":\"Les g\u00eetes du p\u00eacheur\",\"description\":\"Locations vacances \u2013 Erquy \u2013 Cap Fr\u00e9hel\",\"publisher\":{\"@id\":\"https:\/\/www.gites-du-pecheur.com\/fr\/#organization\"},\"potentialAction\":[{\"@type\":\"SearchAction\",\"target\":{\"@type\":\"EntryPoint\",\"urlTemplate\":\"https:\/\/www.gites-du-pecheur.com\/fr\/?s={search_term_string}\"},\"query-input\":\"required name=search_term_string\"}],\"inLanguage\":\"fr-FR\"},{\"@type\":\"Organization\",\"@id\":\"https:\/\/www.gites-du-pecheur.com\/fr\/#organization\",\"name\":\"G\u00eetes du p\u00eacheur\",\"url\":\"https:\/\/www.gites-du-pecheur.com\/fr\/\",\"logo\":{\"@type\":\"ImageObject\",\"inLanguage\":\"fr-FR\",\"@id\":\"https:\/\/www.gites-du-pecheur.com\/fr\/#\/schema\/logo\/image\/\",\"url\":\"https:\/\/www.gites-du-pecheur.com\/wp-content\/uploads\/2021\/05\/logo-gites-du-pecheur.svg\",\"contentUrl\":\"https:\/\/www.gites-du-pecheur.com\/wp-content\/uploads\/2021\/05\/logo-gites-du-pecheur.svg\",\"width\":1,\"height\":1,\"caption\":\"G\u00eetes du p\u00eacheur\"},\"image\":{\"@id\":\"https:\/\/www.gites-du-pecheur.com\/fr\/#\/schema\/logo\/image\/\"},\"sameAs\":[\"https:\/\/fr-fr.facebook.com\/lesgitesdupecheur\",\"https:\/\/www.instagram.com\/lesgitesdupecheur\/\"]},{\"@type\":\"Person\",\"@id\":\"https:\/\/www.gites-du-pecheur.com\/fr\/#\/schema\/person\/43ce21ad228bbaf55074cd5748f5bcf3\",\"name\":\"Cantina1245\",\"image\":{\"@type\":\"ImageObject\",\"inLanguage\":\"fr-FR\",\"@id\":\"https:\/\/www.gites-du-pecheur.com\/fr\/#\/schema\/person\/image\/\",\"url\":\"https:\/\/secure.gravatar.com\/avatar\/e411585ea445c033f94bc9f0472119a206d9c9c52c1bdaf32bc0e49a227e0fa4?s=96&d=mm&r=g\",\"contentUrl\":\"https:\/\/secure.gravatar.com\/avatar\/e411585ea445c033f94bc9f0472119a206d9c9c52c1bdaf32bc0e49a227e0fa4?s=96&d=mm&r=g\",\"caption\":\"Cantina1245\"},\"sameAs\":[\"https:\/\/gitesdupecheur.acantic.net\"]}]}<\/script>\n<!-- \/ Yoast SEO plugin. -->","yoast_head_json":{"title":"La randonn\u00e9e \u00e0 Erquy, c\u2019est le pied ! - Les g\u00eetes du p\u00eacheur","description":"La randonn\u00e9e \u00e0 Erquy c'est le pied. Le GR34 passe par Erquy. Ce sentier de grande randonn\u00e9e de 1700km borde le littoral breton.","robots":{"index":"index","follow":"follow","max-snippet":"max-snippet:-1","max-image-preview":"max-image-preview:large","max-video-preview":"max-video-preview:-1"},"canonical":"https:\/\/www.gites-du-pecheur.com\/fr\/la-randonnee-a-erquy-cest-le-pied\/","og_locale":"fr_FR","og_type":"article","og_title":"La randonn\u00e9e \u00e0 Erquy, c\u2019est le pied ! - Les g\u00eetes du p\u00eacheur","og_description":"La randonn\u00e9e \u00e0 Erquy c'est le pied. Le GR34 passe par Erquy. Ce sentier de grande randonn\u00e9e de 1700km borde le littoral breton.","og_url":"https:\/\/www.gites-du-pecheur.com\/fr\/la-randonnee-a-erquy-cest-le-pied\/","og_site_name":"Les g\u00eetes du p\u00eacheur","article_publisher":"https:\/\/fr-fr.facebook.com\/lesgitesdupecheur","article_published_time":"2022-06-15T12:52:28+00:00","article_modified_time":"2022-06-22T16:07:15+00:00","og_image":[{"width":1300,"height":850,"url":"https:\/\/www.gites-du-pecheur.com\/wp-content\/uploads\/2021\/06\/actu-gr34-04.jpg","type":"image\/jpeg"}],"author":"Cantina1245","twitter_card":"summary_large_image","schema":{"@context":"https:\/\/schema.org","@graph":[{"@type":"Article","@id":"https:\/\/www.gites-du-pecheur.com\/fr\/la-randonnee-a-erquy-cest-le-pied\/#article","isPartOf":{"@id":"https:\/\/www.gites-du-pecheur.com\/fr\/la-randonnee-a-erquy-cest-le-pied\/"},"author":{"name":"Cantina1245","@id":"https:\/\/www.gites-du-pecheur.com\/fr\/#\/schema\/person\/43ce21ad228bbaf55074cd5748f5bcf3"},"headline":"La randonn\u00e9e \u00e0 Erquy, c\u2019est le pied !","datePublished":"2022-06-15T12:52:28+00:00","dateModified":"2022-06-22T16:07:15+00:00","mainEntityOfPage":{"@id":"https:\/\/www.gites-du-pecheur.com\/fr\/la-randonnee-a-erquy-cest-le-pied\/"},"wordCount":361,"commentCount":0,"publisher":{"@id":"https:\/\/www.gites-du-pecheur.com\/fr\/#organization"},"articleSection":["Actualit\u00e9s"],"inLanguage":"fr-FR","potentialAction":[{"@type":"CommentAction","name":"Comment","target":["https:\/\/www.gites-du-pecheur.com\/fr\/la-randonnee-a-erquy-cest-le-pied\/#respond"]}]},{"@type":"WebPage","@id":"https:\/\/www.gites-du-pecheur.com\/fr\/la-randonnee-a-erquy-cest-le-pied\/","url":"https:\/\/www.gites-du-pecheur.com\/fr\/la-randonnee-a-erquy-cest-le-pied\/","name":"La randonn\u00e9e \u00e0 Erquy, c\u2019est le pied ! - Les g\u00eetes du p\u00eacheur","isPartOf":{"@id":"https:\/\/www.gites-du-pecheur.com\/fr\/#website"},"datePublished":"2022-06-15T12:52:28+00:00","dateModified":"2022-06-22T16:07:15+00:00","description":"La randonn\u00e9e \u00e0 Erquy c'est le pied. Le GR34 passe par Erquy. Ce sentier de grande randonn\u00e9e de 1700km borde le littoral breton.","breadcrumb":{"@id":"https:\/\/www.gites-du-pecheur.com\/fr\/la-randonnee-a-erquy-cest-le-pied\/#breadcrumb"},"inLanguage":"fr-FR","potentialAction":[{"@type":"ReadAction","target":["https:\/\/www.gites-du-pecheur.com\/fr\/la-randonnee-a-erquy-cest-le-pied\/"]}]},{"@type":"BreadcrumbList","@id":"https:\/\/www.gites-du-pecheur.com\/fr\/la-randonnee-a-erquy-cest-le-pied\/#breadcrumb","itemListElement":[{"@type":"ListItem","position":1,"name":"Accueil","item":"https:\/\/www.gites-du-pecheur.com\/fr\/"},{"@type":"ListItem","position":2,"name":"La randonn\u00e9e \u00e0 Erquy, c\u2019est le pied !"}]},{"@type":"WebSite","@id":"https:\/\/www.gites-du-pecheur.com\/fr\/#website","url":"https:\/\/www.gites-du-pecheur.com\/fr\/","name":"Les g\u00eetes du p\u00eacheur","description":"Locations vacances \u2013 Erquy \u2013 Cap Fr\u00e9hel","publisher":{"@id":"https:\/\/www.gites-du-pecheur.com\/fr\/#organization"},"potentialAction":[{"@type":"SearchAction","target":{"@type":"EntryPoint","urlTemplate":"https:\/\/www.gites-du-pecheur.com\/fr\/?s={search_term_string}"},"query-input":"required name=search_term_string"}],"inLanguage":"fr-FR"},{"@type":"Organization","@id":"https:\/\/www.gites-du-pecheur.com\/fr\/#organization","name":"G\u00eetes du p\u00eacheur","url":"https:\/\/www.gites-du-pecheur.com\/fr\/","logo":{"@type":"ImageObject","inLanguage":"fr-FR","@id":"https:\/\/www.gites-du-pecheur.com\/fr\/#\/schema\/logo\/image\/","url":"https:\/\/www.gites-du-pecheur.com\/wp-content\/uploads\/2021\/05\/logo-gites-du-pecheur.svg","contentUrl":"https:\/\/www.gites-du-pecheur.com\/wp-content\/uploads\/2021\/05\/logo-gites-du-pecheur.svg","width":1,"height":1,"caption":"G\u00eetes du p\u00eacheur"},"image":{"@id":"https:\/\/www.gites-du-pecheur.com\/fr\/#\/schema\/logo\/image\/"},"sameAs":["https:\/\/fr-fr.facebook.com\/lesgitesdupecheur","https:\/\/www.instagram.com\/lesgitesdupecheur\/"]},{"@type":"Person","@id":"https:\/\/www.gites-du-pecheur.com\/fr\/#\/schema\/person\/43ce21ad228bbaf55074cd5748f5bcf3","name":"Cantina1245","image":{"@type":"ImageObject","inLanguage":"fr-FR","@id":"https:\/\/www.gites-du-pecheur.com\/fr\/#\/schema\/person\/image\/","url":"https:\/\/secure.gravatar.com\/avatar\/e411585ea445c033f94bc9f0472119a206d9c9c52c1bdaf32bc0e49a227e0fa4?s=96&d=mm&r=g","contentUrl":"https:\/\/secure.gravatar.com\/avatar\/e411585ea445c033f94bc9f0472119a206d9c9c52c1bdaf32bc0e49a227e0fa4?s=96&d=mm&r=g","caption":"Cantina1245"},"sameAs":["https:\/\/gitesdupecheur.acantic.net"]}]}},"_links":{"self":[{"href":"https:\/\/www.gites-du-pecheur.com\/fr\/wp-json\/wp\/v2\/posts\/5734","targetHints":{"allow":["GET"]}}],"collection":[{"href":"https:\/\/www.gites-du-pecheur.com\/fr\/wp-json\/wp\/v2\/posts"}],"about":[{"href":"https:\/\/www.gites-du-pecheur.com\/fr\/wp-json\/wp\/v2\/types\/post"}],"author":[{"embeddable":true,"href":"https:\/\/www.gites-du-pecheur.com\/fr\/wp-json\/wp\/v2\/users\/1"}],"replies":[{"embeddable":true,"href":"https:\/\/www.gites-du-pecheur.com\/fr\/wp-json\/wp\/v2\/comments?post=5734"}],"version-history":[{"count":34,"href":"https:\/\/www.gites-du-pecheur.com\/fr\/wp-json\/wp\/v2\/posts\/5734\/revisions"}],"predecessor-version":[{"id":8261,"href":"https:\/\/www.gites-du-pecheur.com\/fr\/wp-json\/wp\/v2\/posts\/5734\/revisions\/8261"}],"wp:featuredmedia":[{"embeddable":true,"href":"https:\/\/www.gites-du-pecheur.com\/fr\/wp-json\/wp\/v2\/media\/5741"}],"wp:attachment":[{"href":"https:\/\/www.gites-du-pecheur.com\/fr\/wp-json\/wp\/v2\/media?parent=5734"}],"wp:term":[{"taxonomy":"category","embeddable":true,"href":"https:\/\/www.gites-du-pecheur.com\/fr\/wp-json\/wp\/v2\/categories?post=5734"},{"taxonomy":"post_tag","embeddable":true,"href":"https:\/\/www.gites-du-pecheur.com\/fr\/wp-json\/wp\/v2\/tags?post=5734"}],"curies":[{"name":"wp","href":"https:\/\/api.w.org\/{rel}","templated":true}]}}