{"id":10149,"date":"2025-11-13T15:33:58","date_gmt":"2025-11-13T14:33:58","guid":{"rendered":"https:\/\/www.gites-du-pecheur.com\/?p=10149"},"modified":"2025-11-13T15:36:04","modified_gmt":"2025-11-13T14:36:04","slug":"%f0%9f%8e%84-la-magie-de-noel-en-bretagne-reservez-votre-sejour-feerique-a-erquy","status":"publish","type":"post","link":"https:\/\/www.gites-du-pecheur.com\/fr\/%f0%9f%8e%84-la-magie-de-noel-en-bretagne-reservez-votre-sejour-feerique-a-erquy\/","title":{"rendered":"\ud83c\udf84 R\u00e9servez votre S\u00e9jour F\u00e9erique \u00e0 Erquy pour un No\u00ebl en Bretagne"},"content":{"rendered":"<h2>Des F\u00eates Inoubliables vous Attendent : R\u00e9servez votre S\u00e9jour \u00e0 Erquy en Bretagne<\/h2>\n<p>No\u00ebl en Bretagne : R\u00e9servez votre S\u00e9jour \u00e0 Erquy !<\/p>\n<p>Oubliez le stress des pr\u00e9paratifs et offrez-vous des <b>vacances de No\u00ebl<\/b> m\u00e9morables en famille ou entre amis. Les G\u00eetes du P\u00eacheur, votre havre de paix \u00e0 <b>Erquy<\/b> sur la magnifique <b>C\u00f4te d&rsquo;Armor<\/b>, vous ouvrent leurs portes pour un <b>s\u00e9jour de 3 nuit\u00e9es minimum<\/b> sous le signe de la d\u00e9tente et du partage.<\/p>\n<p>Imaginez : un cadre breton authentique, une ambiance chaleureuse, et toutes les commodit\u00e9s pour transformer vos f\u00eates de fin d&rsquo;ann\u00e9e en un moment magique.<\/p>\n<p><img loading=\"lazy\" decoding=\"async\" class=\"wp-image-8793 size-full aligncenter\" src=\"https:\/\/www.gites-du-pecheur.com\/wp-content\/uploads\/2022\/12\/noel-breton-2.jpg\" alt=\"\" width=\"800\" height=\"533\" srcset=\"https:\/\/www.gites-du-pecheur.com\/wp-content\/uploads\/2022\/12\/noel-breton-2.jpg 800w, https:\/\/www.gites-du-pecheur.com\/wp-content\/uploads\/2022\/12\/noel-breton-2-300x200.jpg 300w, https:\/\/www.gites-du-pecheur.com\/wp-content\/uploads\/2022\/12\/noel-breton-2-768x512.jpg 768w\" sizes=\"auto, (max-width: 800px) 100vw, 800px\" \/><\/p>\n<p>&nbsp;<\/p>\n<p>&nbsp;<\/p>\n<h2>\u2728 Le Cocktail Parfait pour un No\u00ebl R\u00e9ussi<\/h2>\n<p>&nbsp;<\/p>\n<p>Pourquoi choisir les G\u00eetes du P\u00eacheur pour votre <b>location de vacances \u00e0 No\u00ebl en Bretagne<\/b> ? C&rsquo;est simple : nous combinons le charme d&rsquo;un village de g\u00eetes familial avec des installations haut de gamme pour votre bien-\u00eatre.<\/p>\n<h3>\ud83c\udf1f Des Services Exclusifs pour votre S\u00e9jour de No\u00ebl<\/h3>\n<p>&nbsp;<\/p>\n<ul>\n<li><b>Piscine Couverte et Chauff\u00e9e :<\/b> Plongez dans notre piscine toute l&rsquo;ann\u00e9e ! C&rsquo;est le lieu id\u00e9al pour s&rsquo;amuser ou se d\u00e9tendre, m\u00eame lorsque les temp\u00e9ratures hivernales s&rsquo;installent. Un atout majeur pour votre <b>s\u00e9jour No\u00ebl en famille<\/b> !<\/li>\n<li><b>D\u00e9tente Absolue avec le Sauna :<\/b> Apr\u00e8s une promenade revigorante sur le Cap d&rsquo;Erquy, quoi de mieux qu&rsquo;une s\u00e9ance de sauna ? Un pur moment de relaxation pour d\u00e9compresser pendant les f\u00eates.<\/li>\n<li><b>Salle de Jeux et Loisirs :<\/b> Les enfants (et les plus grands !) trouveront leur bonheur dans notre salle de jeux. C&rsquo;est la garantie de divertissement m\u00eame les jours de pluie.<\/li>\n<li><b>G\u00eetes Confortables et \u00c9quip\u00e9s :<\/b> Nos <b>10 g\u00eetes<\/b> sont con\u00e7us pour votre confort. Chaque logement offre l&rsquo;espace n\u00e9cessaire pour vos repas de f\u00eate et vos soir\u00e9es cocooning. Tous disposent m\u00eame d&rsquo;une chemin\u00e9e pour une ambiance encore plus festive.<\/li>\n<\/ul>\n<div id=\"attachment_10150\" style=\"width: 1194px\" class=\"wp-caption aligncenter\"><img loading=\"lazy\" decoding=\"async\" aria-describedby=\"caption-attachment-10150\" class=\"wp-image-10150 size-full\" src=\"https:\/\/www.gites-du-pecheur.com\/wp-content\/uploads\/2025\/11\/gite-feu-de-cheminee-bretagne-erquy.jpg\" alt=\"Profitez des f\u00eates de no\u00ebl au coin du feu \u00e0 Erquy en Bretagne\" width=\"1184\" height=\"864\" srcset=\"https:\/\/www.gites-du-pecheur.com\/wp-content\/uploads\/2025\/11\/gite-feu-de-cheminee-bretagne-erquy.jpg 1184w, https:\/\/www.gites-du-pecheur.com\/wp-content\/uploads\/2025\/11\/gite-feu-de-cheminee-bretagne-erquy-300x219.jpg 300w, https:\/\/www.gites-du-pecheur.com\/wp-content\/uploads\/2025\/11\/gite-feu-de-cheminee-bretagne-erquy-1024x747.jpg 1024w, https:\/\/www.gites-du-pecheur.com\/wp-content\/uploads\/2025\/11\/gite-feu-de-cheminee-bretagne-erquy-768x560.jpg 768w\" sizes=\"auto, (max-width: 1184px) 100vw, 1184px\" \/><p id=\"caption-attachment-10150\" class=\"wp-caption-text\">Profitez des f\u00eates de no\u00ebl au coin du feu \u00e0 Erquy en Bretagne<\/p><\/div>\n<h2>\ud83d\uddfa\ufe0f Erquy, la Perle des C\u00f4tes d&rsquo;Armor \u00e0 No\u00ebl : R\u00e9servez votre S\u00e9jour !<\/h2>\n<p>&nbsp;<\/p>\n<p>Votre <b>location de g\u00eete \u00e0 Erquy<\/b> est le point de d\u00e9part id\u00e9al pour explorer la r\u00e9gion. En p\u00e9riode de No\u00ebl, le village de p\u00eacheurs et ses alentours se parent de leurs plus belles lumi\u00e8res.<\/p>\n<ul>\n<li><b>Balades Revigorantes :<\/b> Profitez des plages et des sentiers du <b>Cap d&rsquo;Erquy<\/b> d\u00e9sert\u00e9s par la foule pour des moments de calme exceptionnel.<\/li>\n<li><b>March\u00e9s de No\u00ebl Locaux :<\/b> D\u00e9couvrez le savoir-faire breton et trouvez des cadeaux originaux dans les charmants march\u00e9s de No\u00ebl des villes voisines.<\/li>\n<li><b>Saveurs Marines :<\/b> C\u00e9l\u00e9brez les f\u00eates avec les produits frais de la mer, sp\u00e9cialit\u00e9s d&rsquo;Erquy, et r\u00e9galez-vous d&rsquo;hu\u00eetres de chez <a href=\"https:\/\/www.nonnet-nicolas-erquy.com\/\">Nonet<\/a> et de coquilles Saint-Jacques.<\/li>\n<\/ul>\n<div id=\"attachment_9770\" style=\"width: 1034px\" class=\"wp-caption aligncenter\"><img loading=\"lazy\" decoding=\"async\" aria-describedby=\"caption-attachment-9770\" class=\"wp-image-9770 size-full\" src=\"https:\/\/www.gites-du-pecheur.com\/wp-content\/uploads\/2022\/12\/huitres-noel-bretagne-erquy.jpg\" alt=\"D\u00e9gustez les hu\u00eetres de Bretagne pour les f\u00eates de fin d'ann\u00e9e \u00e0 Erquy\" width=\"1024\" height=\"683\" srcset=\"https:\/\/www.gites-du-pecheur.com\/wp-content\/uploads\/2022\/12\/huitres-noel-bretagne-erquy.jpg 1024w, https:\/\/www.gites-du-pecheur.com\/wp-content\/uploads\/2022\/12\/huitres-noel-bretagne-erquy-300x200.jpg 300w, https:\/\/www.gites-du-pecheur.com\/wp-content\/uploads\/2022\/12\/huitres-noel-bretagne-erquy-768x512.jpg 768w\" sizes=\"auto, (max-width: 1024px) 100vw, 1024px\" \/><p id=\"caption-attachment-9770\" class=\"wp-caption-text\">D\u00e9gustez les hu\u00eetres de Bretagne pour les f\u00eates de fin d&rsquo;ann\u00e9e \u00e0 Erquy<\/p><\/div>\n<h2>\ud83c\udf81 Offre Sp\u00e9ciale F\u00eates : Votre S\u00e9jour \u00e0 Partir de 3 Nuit\u00e9es<\/h2>\n<p>Pour vous permettre de profiter pleinement de la magie de No\u00ebl sans pr\u00e9cipitation, nous proposons des <b>s\u00e9jours flexibles \u00e0 partir de 3 nuit\u00e9es<\/b>. C&rsquo;est l&rsquo;occasion parfaite d&rsquo;\u00e9tendre la f\u00eate et de prendre le temps de vous ressourcer.<\/p>\n<p>Ne tardez plus pour f\u00eater No\u00ebl en Bretagne et r\u00e9servez votre S\u00e9jour \u00e0 Erquy !<\/p>\n<p>Nos g\u00eetes affichent rapidement complet pour cette p\u00e9riode pris\u00e9e.<\/p>\n<p><b>\u27a1\ufe0f <a href=\"https:\/\/www.gites-du-pecheur.com\/fr\/location\/les-gites-du-pecheur\/\">Cliquez ici pour v\u00e9rifier les disponibilit\u00e9s et r\u00e9server votre g\u00eete pour un No\u00ebl inoubliable \u00e0 Erquy !<\/a><\/b><\/p>\n","protected":false},"excerpt":{"rendered":"<p>Des F\u00eates Inoubliables vous Attendent : R\u00e9servez votre S\u00e9jour \u00e0 Erquy en Bretagne No\u00ebl en Bretagne : R\u00e9servez votre S\u00e9jour \u00e0 Erquy ! Oubliez le stress des pr\u00e9paratifs et offrez-vous des vacances de No\u00ebl m\u00e9morables en famille ou entre amis. Les G\u00eetes du P\u00eacheur, votre havre de paix \u00e0 Erquy sur la magnifique C\u00f4te d&rsquo;Armor, [&hellip;]<\/p>\n","protected":false},"author":2,"featured_media":0,"comment_status":"open","ping_status":"open","sticky":false,"template":"","format":"standard","meta":{"inline_featured_image":false,"footnotes":""},"categories":[1],"tags":[],"class_list":["post-10149","post","type-post","status-publish","format-standard","hentry","category-actualites"],"yoast_head":"<!-- This site is optimized with the Yoast SEO plugin v21.2 - https:\/\/yoast.com\/wordpress\/plugins\/seo\/ -->\n<title>\ud83c\udf84 La Magie de No\u00ebl en Bretagne : R\u00e9servez votre S\u00e9jour \u00e0 Erquy<\/title>\n<meta name=\"description\" content=\"No\u00ebl en Bretagne : R\u00e9servez votre S\u00e9jour \u00e0 Erquy ! Oubliez le stress et offrez-vous des vacances de No\u00ebl m\u00e9morables en famille ou entre amis.\" \/>\n<meta name=\"robots\" content=\"index, follow, max-snippet:-1, max-image-preview:large, max-video-preview:-1\" \/>\n<link rel=\"canonical\" href=\"https:\/\/www.gites-du-pecheur.com\/fr\/\ud83c\udf84-la-magie-de-noel-en-bretagne-reservez-votre-sejour-feerique-a-erquy\/\" \/>\n<meta property=\"og:locale\" content=\"fr_FR\" \/>\n<meta property=\"og:type\" content=\"article\" \/>\n<meta property=\"og:title\" content=\"\ud83c\udf84 La Magie de No\u00ebl en Bretagne : R\u00e9servez votre S\u00e9jour \u00e0 Erquy\" \/>\n<meta property=\"og:description\" content=\"No\u00ebl en Bretagne : R\u00e9servez votre S\u00e9jour \u00e0 Erquy ! Oubliez le stress et offrez-vous des vacances de No\u00ebl m\u00e9morables en famille ou entre amis.\" \/>\n<meta property=\"og:url\" content=\"https:\/\/www.gites-du-pecheur.com\/fr\/\ud83c\udf84-la-magie-de-noel-en-bretagne-reservez-votre-sejour-feerique-a-erquy\/\" \/>\n<meta property=\"og:site_name\" content=\"Les g\u00eetes du p\u00eacheur\" \/>\n<meta property=\"article:publisher\" content=\"https:\/\/fr-fr.facebook.com\/lesgitesdupecheur\" \/>\n<meta property=\"article:published_time\" content=\"2025-11-13T14:33:58+00:00\" \/>\n<meta property=\"article:modified_time\" content=\"2025-11-13T14:36:04+00:00\" \/>\n<meta property=\"og:image\" content=\"https:\/\/www.gites-du-pecheur.com\/wp-content\/uploads\/2022\/12\/noel-breton-2.jpg\" \/>\n<meta name=\"author\" content=\"Daphne\" \/>\n<meta name=\"twitter:card\" content=\"summary_large_image\" \/>\n<script type=\"application\/ld+json\" class=\"yoast-schema-graph\">{\"@context\":\"https:\/\/schema.org\",\"@graph\":[{\"@type\":\"Article\",\"@id\":\"https:\/\/www.gites-du-pecheur.com\/fr\/%f0%9f%8e%84-la-magie-de-noel-en-bretagne-reservez-votre-sejour-feerique-a-erquy\/#article\",\"isPartOf\":{\"@id\":\"https:\/\/www.gites-du-pecheur.com\/fr\/%f0%9f%8e%84-la-magie-de-noel-en-bretagne-reservez-votre-sejour-feerique-a-erquy\/\"},\"author\":{\"name\":\"Daphne\",\"@id\":\"https:\/\/www.gites-du-pecheur.com\/fr\/#\/schema\/person\/eb87d04a89998fba16ab58193ab35826\"},\"headline\":\"\ud83c\udf84 R\u00e9servez votre S\u00e9jour F\u00e9erique \u00e0 Erquy pour un No\u00ebl en Bretagne\",\"datePublished\":\"2025-11-13T14:33:58+00:00\",\"dateModified\":\"2025-11-13T14:36:04+00:00\",\"mainEntityOfPage\":{\"@id\":\"https:\/\/www.gites-du-pecheur.com\/fr\/%f0%9f%8e%84-la-magie-de-noel-en-bretagne-reservez-votre-sejour-feerique-a-erquy\/\"},\"wordCount\":620,\"commentCount\":0,\"publisher\":{\"@id\":\"https:\/\/www.gites-du-pecheur.com\/fr\/#organization\"},\"articleSection\":[\"Actualit\u00e9s\"],\"inLanguage\":\"fr-FR\",\"potentialAction\":[{\"@type\":\"CommentAction\",\"name\":\"Comment\",\"target\":[\"https:\/\/www.gites-du-pecheur.com\/fr\/%f0%9f%8e%84-la-magie-de-noel-en-bretagne-reservez-votre-sejour-feerique-a-erquy\/#respond\"]}]},{\"@type\":\"WebPage\",\"@id\":\"https:\/\/www.gites-du-pecheur.com\/fr\/%f0%9f%8e%84-la-magie-de-noel-en-bretagne-reservez-votre-sejour-feerique-a-erquy\/\",\"url\":\"https:\/\/www.gites-du-pecheur.com\/fr\/%f0%9f%8e%84-la-magie-de-noel-en-bretagne-reservez-votre-sejour-feerique-a-erquy\/\",\"name\":\"\ud83c\udf84 La Magie de No\u00ebl en Bretagne : R\u00e9servez votre S\u00e9jour \u00e0 Erquy\",\"isPartOf\":{\"@id\":\"https:\/\/www.gites-du-pecheur.com\/fr\/#website\"},\"datePublished\":\"2025-11-13T14:33:58+00:00\",\"dateModified\":\"2025-11-13T14:36:04+00:00\",\"description\":\"No\u00ebl en Bretagne : R\u00e9servez votre S\u00e9jour \u00e0 Erquy ! Oubliez le stress et offrez-vous des vacances de No\u00ebl m\u00e9morables en famille ou entre amis.\",\"breadcrumb\":{\"@id\":\"https:\/\/www.gites-du-pecheur.com\/fr\/%f0%9f%8e%84-la-magie-de-noel-en-bretagne-reservez-votre-sejour-feerique-a-erquy\/#breadcrumb\"},\"inLanguage\":\"fr-FR\",\"potentialAction\":[{\"@type\":\"ReadAction\",\"target\":[\"https:\/\/www.gites-du-pecheur.com\/fr\/%f0%9f%8e%84-la-magie-de-noel-en-bretagne-reservez-votre-sejour-feerique-a-erquy\/\"]}]},{\"@type\":\"BreadcrumbList\",\"@id\":\"https:\/\/www.gites-du-pecheur.com\/fr\/%f0%9f%8e%84-la-magie-de-noel-en-bretagne-reservez-votre-sejour-feerique-a-erquy\/#breadcrumb\",\"itemListElement\":[{\"@type\":\"ListItem\",\"position\":1,\"name\":\"Accueil\",\"item\":\"https:\/\/www.gites-du-pecheur.com\/fr\/\"},{\"@type\":\"ListItem\",\"position\":2,\"name\":\"\ud83c\udf84 R\u00e9servez votre S\u00e9jour F\u00e9erique \u00e0 Erquy pour un No\u00ebl en Bretagne\"}]},{\"@type\":\"WebSite\",\"@id\":\"https:\/\/www.gites-du-pecheur.com\/fr\/#website\",\"url\":\"https:\/\/www.gites-du-pecheur.com\/fr\/\",\"name\":\"Les g\u00eetes du p\u00eacheur\",\"description\":\"Locations vacances \u2013 Erquy \u2013 Cap Fr\u00e9hel\",\"publisher\":{\"@id\":\"https:\/\/www.gites-du-pecheur.com\/fr\/#organization\"},\"potentialAction\":[{\"@type\":\"SearchAction\",\"target\":{\"@type\":\"EntryPoint\",\"urlTemplate\":\"https:\/\/www.gites-du-pecheur.com\/fr\/?s={search_term_string}\"},\"query-input\":\"required name=search_term_string\"}],\"inLanguage\":\"fr-FR\"},{\"@type\":\"Organization\",\"@id\":\"https:\/\/www.gites-du-pecheur.com\/fr\/#organization\",\"name\":\"G\u00eetes du p\u00eacheur\",\"url\":\"https:\/\/www.gites-du-pecheur.com\/fr\/\",\"logo\":{\"@type\":\"ImageObject\",\"inLanguage\":\"fr-FR\",\"@id\":\"https:\/\/www.gites-du-pecheur.com\/fr\/#\/schema\/logo\/image\/\",\"url\":\"https:\/\/www.gites-du-pecheur.com\/wp-content\/uploads\/2021\/05\/logo-gites-du-pecheur.svg\",\"contentUrl\":\"https:\/\/www.gites-du-pecheur.com\/wp-content\/uploads\/2021\/05\/logo-gites-du-pecheur.svg\",\"width\":1,\"height\":1,\"caption\":\"G\u00eetes du p\u00eacheur\"},\"image\":{\"@id\":\"https:\/\/www.gites-du-pecheur.com\/fr\/#\/schema\/logo\/image\/\"},\"sameAs\":[\"https:\/\/fr-fr.facebook.com\/lesgitesdupecheur\",\"https:\/\/www.instagram.com\/lesgitesdupecheur\/\"]},{\"@type\":\"Person\",\"@id\":\"https:\/\/www.gites-du-pecheur.com\/fr\/#\/schema\/person\/eb87d04a89998fba16ab58193ab35826\",\"name\":\"Daphne\",\"image\":{\"@type\":\"ImageObject\",\"inLanguage\":\"fr-FR\",\"@id\":\"https:\/\/www.gites-du-pecheur.com\/fr\/#\/schema\/person\/image\/\",\"url\":\"https:\/\/secure.gravatar.com\/avatar\/4e7ac7ac6d9d4c735bb849f0516f50ae17064c627ec2175491b03a5c9f8dc708?s=96&d=mm&r=g\",\"contentUrl\":\"https:\/\/secure.gravatar.com\/avatar\/4e7ac7ac6d9d4c735bb849f0516f50ae17064c627ec2175491b03a5c9f8dc708?s=96&d=mm&r=g\",\"caption\":\"Daphne\"}}]}<\/script>\n<!-- \/ Yoast SEO plugin. -->","yoast_head_json":{"title":"\ud83c\udf84 La Magie de No\u00ebl en Bretagne : R\u00e9servez votre S\u00e9jour \u00e0 Erquy","description":"No\u00ebl en Bretagne : R\u00e9servez votre S\u00e9jour \u00e0 Erquy ! Oubliez le stress et offrez-vous des vacances de No\u00ebl m\u00e9morables en famille ou entre amis.","robots":{"index":"index","follow":"follow","max-snippet":"max-snippet:-1","max-image-preview":"max-image-preview:large","max-video-preview":"max-video-preview:-1"},"canonical":"https:\/\/www.gites-du-pecheur.com\/fr\/\ud83c\udf84-la-magie-de-noel-en-bretagne-reservez-votre-sejour-feerique-a-erquy\/","og_locale":"fr_FR","og_type":"article","og_title":"\ud83c\udf84 La Magie de No\u00ebl en Bretagne : R\u00e9servez votre S\u00e9jour \u00e0 Erquy","og_description":"No\u00ebl en Bretagne : R\u00e9servez votre S\u00e9jour \u00e0 Erquy ! Oubliez le stress et offrez-vous des vacances de No\u00ebl m\u00e9morables en famille ou entre amis.","og_url":"https:\/\/www.gites-du-pecheur.com\/fr\/\ud83c\udf84-la-magie-de-noel-en-bretagne-reservez-votre-sejour-feerique-a-erquy\/","og_site_name":"Les g\u00eetes du p\u00eacheur","article_publisher":"https:\/\/fr-fr.facebook.com\/lesgitesdupecheur","article_published_time":"2025-11-13T14:33:58+00:00","article_modified_time":"2025-11-13T14:36:04+00:00","og_image":[{"url":"https:\/\/www.gites-du-pecheur.com\/wp-content\/uploads\/2022\/12\/noel-breton-2.jpg"}],"author":"Daphne","twitter_card":"summary_large_image","schema":{"@context":"https:\/\/schema.org","@graph":[{"@type":"Article","@id":"https:\/\/www.gites-du-pecheur.com\/fr\/%f0%9f%8e%84-la-magie-de-noel-en-bretagne-reservez-votre-sejour-feerique-a-erquy\/#article","isPartOf":{"@id":"https:\/\/www.gites-du-pecheur.com\/fr\/%f0%9f%8e%84-la-magie-de-noel-en-bretagne-reservez-votre-sejour-feerique-a-erquy\/"},"author":{"name":"Daphne","@id":"https:\/\/www.gites-du-pecheur.com\/fr\/#\/schema\/person\/eb87d04a89998fba16ab58193ab35826"},"headline":"\ud83c\udf84 R\u00e9servez votre S\u00e9jour F\u00e9erique \u00e0 Erquy pour un No\u00ebl en Bretagne","datePublished":"2025-11-13T14:33:58+00:00","dateModified":"2025-11-13T14:36:04+00:00","mainEntityOfPage":{"@id":"https:\/\/www.gites-du-pecheur.com\/fr\/%f0%9f%8e%84-la-magie-de-noel-en-bretagne-reservez-votre-sejour-feerique-a-erquy\/"},"wordCount":620,"commentCount":0,"publisher":{"@id":"https:\/\/www.gites-du-pecheur.com\/fr\/#organization"},"articleSection":["Actualit\u00e9s"],"inLanguage":"fr-FR","potentialAction":[{"@type":"CommentAction","name":"Comment","target":["https:\/\/www.gites-du-pecheur.com\/fr\/%f0%9f%8e%84-la-magie-de-noel-en-bretagne-reservez-votre-sejour-feerique-a-erquy\/#respond"]}]},{"@type":"WebPage","@id":"https:\/\/www.gites-du-pecheur.com\/fr\/%f0%9f%8e%84-la-magie-de-noel-en-bretagne-reservez-votre-sejour-feerique-a-erquy\/","url":"https:\/\/www.gites-du-pecheur.com\/fr\/%f0%9f%8e%84-la-magie-de-noel-en-bretagne-reservez-votre-sejour-feerique-a-erquy\/","name":"\ud83c\udf84 La Magie de No\u00ebl en Bretagne : R\u00e9servez votre S\u00e9jour \u00e0 Erquy","isPartOf":{"@id":"https:\/\/www.gites-du-pecheur.com\/fr\/#website"},"datePublished":"2025-11-13T14:33:58+00:00","dateModified":"2025-11-13T14:36:04+00:00","description":"No\u00ebl en Bretagne : R\u00e9servez votre S\u00e9jour \u00e0 Erquy ! Oubliez le stress et offrez-vous des vacances de No\u00ebl m\u00e9morables en famille ou entre amis.","breadcrumb":{"@id":"https:\/\/www.gites-du-pecheur.com\/fr\/%f0%9f%8e%84-la-magie-de-noel-en-bretagne-reservez-votre-sejour-feerique-a-erquy\/#breadcrumb"},"inLanguage":"fr-FR","potentialAction":[{"@type":"ReadAction","target":["https:\/\/www.gites-du-pecheur.com\/fr\/%f0%9f%8e%84-la-magie-de-noel-en-bretagne-reservez-votre-sejour-feerique-a-erquy\/"]}]},{"@type":"BreadcrumbList","@id":"https:\/\/www.gites-du-pecheur.com\/fr\/%f0%9f%8e%84-la-magie-de-noel-en-bretagne-reservez-votre-sejour-feerique-a-erquy\/#breadcrumb","itemListElement":[{"@type":"ListItem","position":1,"name":"Accueil","item":"https:\/\/www.gites-du-pecheur.com\/fr\/"},{"@type":"ListItem","position":2,"name":"\ud83c\udf84 R\u00e9servez votre S\u00e9jour F\u00e9erique \u00e0 Erquy pour un No\u00ebl en Bretagne"}]},{"@type":"WebSite","@id":"https:\/\/www.gites-du-pecheur.com\/fr\/#website","url":"https:\/\/www.gites-du-pecheur.com\/fr\/","name":"Les g\u00eetes du p\u00eacheur","description":"Locations vacances \u2013 Erquy \u2013 Cap Fr\u00e9hel","publisher":{"@id":"https:\/\/www.gites-du-pecheur.com\/fr\/#organization"},"potentialAction":[{"@type":"SearchAction","target":{"@type":"EntryPoint","urlTemplate":"https:\/\/www.gites-du-pecheur.com\/fr\/?s={search_term_string}"},"query-input":"required name=search_term_string"}],"inLanguage":"fr-FR"},{"@type":"Organization","@id":"https:\/\/www.gites-du-pecheur.com\/fr\/#organization","name":"G\u00eetes du p\u00eacheur","url":"https:\/\/www.gites-du-pecheur.com\/fr\/","logo":{"@type":"ImageObject","inLanguage":"fr-FR","@id":"https:\/\/www.gites-du-pecheur.com\/fr\/#\/schema\/logo\/image\/","url":"https:\/\/www.gites-du-pecheur.com\/wp-content\/uploads\/2021\/05\/logo-gites-du-pecheur.svg","contentUrl":"https:\/\/www.gites-du-pecheur.com\/wp-content\/uploads\/2021\/05\/logo-gites-du-pecheur.svg","width":1,"height":1,"caption":"G\u00eetes du p\u00eacheur"},"image":{"@id":"https:\/\/www.gites-du-pecheur.com\/fr\/#\/schema\/logo\/image\/"},"sameAs":["https:\/\/fr-fr.facebook.com\/lesgitesdupecheur","https:\/\/www.instagram.com\/lesgitesdupecheur\/"]},{"@type":"Person","@id":"https:\/\/www.gites-du-pecheur.com\/fr\/#\/schema\/person\/eb87d04a89998fba16ab58193ab35826","name":"Daphne","image":{"@type":"ImageObject","inLanguage":"fr-FR","@id":"https:\/\/www.gites-du-pecheur.com\/fr\/#\/schema\/person\/image\/","url":"https:\/\/secure.gravatar.com\/avatar\/4e7ac7ac6d9d4c735bb849f0516f50ae17064c627ec2175491b03a5c9f8dc708?s=96&d=mm&r=g","contentUrl":"https:\/\/secure.gravatar.com\/avatar\/4e7ac7ac6d9d4c735bb849f0516f50ae17064c627ec2175491b03a5c9f8dc708?s=96&d=mm&r=g","caption":"Daphne"}}]}},"_links":{"self":[{"href":"https:\/\/www.gites-du-pecheur.com\/fr\/wp-json\/wp\/v2\/posts\/10149","targetHints":{"allow":["GET"]}}],"collection":[{"href":"https:\/\/www.gites-du-pecheur.com\/fr\/wp-json\/wp\/v2\/posts"}],"about":[{"href":"https:\/\/www.gites-du-pecheur.com\/fr\/wp-json\/wp\/v2\/types\/post"}],"author":[{"embeddable":true,"href":"https:\/\/www.gites-du-pecheur.com\/fr\/wp-json\/wp\/v2\/users\/2"}],"replies":[{"embeddable":true,"href":"https:\/\/www.gites-du-pecheur.com\/fr\/wp-json\/wp\/v2\/comments?post=10149"}],"version-history":[{"count":9,"href":"https:\/\/www.gites-du-pecheur.com\/fr\/wp-json\/wp\/v2\/posts\/10149\/revisions"}],"predecessor-version":[{"id":10160,"href":"https:\/\/www.gites-du-pecheur.com\/fr\/wp-json\/wp\/v2\/posts\/10149\/revisions\/10160"}],"wp:attachment":[{"href":"https:\/\/www.gites-du-pecheur.com\/fr\/wp-json\/wp\/v2\/media?parent=10149"}],"wp:term":[{"taxonomy":"category","embeddable":true,"href":"https:\/\/www.gites-du-pecheur.com\/fr\/wp-json\/wp\/v2\/categories?post=10149"},{"taxonomy":"post_tag","embeddable":true,"href":"https:\/\/www.gites-du-pecheur.com\/fr\/wp-json\/wp\/v2\/tags?post=10149"}],"curies":[{"name":"wp","href":"https:\/\/api.w.org\/{rel}","templated":true}]}}